{"id":1024,"date":"2021-05-28T09:21:00","date_gmt":"2021-05-28T09:21:00","guid":{"rendered":"https:\/\/cpka.pt\/rallydelisboa\/?p=1024"},"modified":"2021-05-31T09:34:52","modified_gmt":"2021-05-31T09:34:52","slug":"a-seguranca-do-rally-de-lisboa","status":"publish","type":"post","link":"https:\/\/cpka.pt\/rallydelisboa\/2021\/05\/28\/a-seguranca-do-rally-de-lisboa\/","title":{"rendered":"A seguran\u00e7a do Rally de Lisboa"},"content":{"rendered":"\n<figure class=\"wp-block-image alignwide size-large\"><img loading=\"lazy\" decoding=\"async\" width=\"1024\" height=\"593\" src=\"https:\/\/cpka.pt\/rallydelisboa\/wp-content\/uploads\/sites\/2\/2021\/05\/Seguranca-rally-de-lisboa-2021-1024x593.jpg\" alt=\"\" class=\"wp-image-1026\" srcset=\"https:\/\/cpka.pt\/rallydelisboa\/wp-content\/uploads\/sites\/2\/2021\/05\/Seguranca-rally-de-lisboa-2021-1024x593.jpg 1024w, https:\/\/cpka.pt\/rallydelisboa\/wp-content\/uploads\/sites\/2\/2021\/05\/Seguranca-rally-de-lisboa-2021-300x174.jpg 300w, https:\/\/cpka.pt\/rallydelisboa\/wp-content\/uploads\/sites\/2\/2021\/05\/Seguranca-rally-de-lisboa-2021-768x445.jpg 768w, https:\/\/cpka.pt\/rallydelisboa\/wp-content\/uploads\/sites\/2\/2021\/05\/Seguranca-rally-de-lisboa-2021-1536x889.jpg 1536w, https:\/\/cpka.pt\/rallydelisboa\/wp-content\/uploads\/sites\/2\/2021\/05\/Seguranca-rally-de-lisboa-2021.jpg 1636w\" sizes=\"auto, (max-width: 1024px) 100vw, 1024px\" \/><\/figure>\n\n\n\n<p>Para que o Rally de Lisboa seja uma grande prova a n\u00edvel desportivo, a sua seguran\u00e7a ser\u00e1 sempre a parte principal a ter em conta.<br>Hoje o dia foi passado com a GNR a delinear a plano de seguran\u00e7a, no que diz respeito a esta entidade\u2026<\/p>\n\n\n\nngg_shortcode_0_placeholder\n","protected":false},"excerpt":{"rendered":"<p>Para que o Rally de Lisboa seja uma grande prova a n\u00edvel desportivo, a sua seguran\u00e7a ser\u00e1 sempre a parte principal a ter em conta.Hoje&hellip;<\/p>\n","protected":false},"author":1,"featured_media":1026,"comment_status":"closed","ping_status":"closed","sticky":false,"template":"","format":"standard","meta":{"advgb_blocks_editor_width":"","advgb_blocks_columns_visual_guide":"","ngg_post_thumbnail":0,"footnotes":""},"categories":[9,2],"tags":[17,45],"class_list":["post-1024","post","type-post","status-publish","format-standard","has-post-thumbnail","hentry","category-fotos","category-multimedia","tag-rally-de-lisboa-2021","tag-seguranca"],"gutentor_comment":0,"rise-blocks_total_comments":0,"rise-blocks_categories":[{"term_id":9,"name":"Fotos","slug":"fotos","term_group":0,"term_taxonomy_id":9,"taxonomy":"category","description":"","parent":2,"count":14,"filter":"raw","cat_ID":9,"category_count":14,"category_description":"","cat_name":"Fotos","category_nicename":"fotos","category_parent":2},{"term_id":2,"name":"Multim\u00e9dia","slug":"multimedia","term_group":0,"term_taxonomy_id":2,"taxonomy":"category","description":"","parent":0,"count":82,"filter":"raw","cat_ID":2,"category_count":82,"category_description":"","cat_name":"Multim\u00e9dia","category_nicename":"multimedia","category_parent":0}],"rise-blocks_excerpt":"Para que o Rally de Lisboa seja uma grande prova a n\u00edvel desportivo, a sua seguran\u00e7a ser\u00e1 sempre a parte principal a ter em conta.Hoje o dia foi passado com a GNR a delinear a plano de seguran\u00e7a, no que diz respeito a esta entidade\u2026","author_meta":{"display_name":"admin","author_link":"https:\/\/cpka.pt\/rallydelisboa\/author\/admin\/"},"featured_img":"https:\/\/cpka.pt\/rallydelisboa\/wp-content\/uploads\/sites\/2\/2021\/05\/Seguranca-rally-de-lisboa-2021-300x174.jpg","coauthors":[],"tax_additional":{"categories":{"linked":["<a href=\"https:\/\/cpka.pt\/rallydelisboa\/category\/multimedia\/fotos\/\" class=\"advgb-post-tax-term\">Fotos<\/a>","<a href=\"https:\/\/cpka.pt\/rallydelisboa\/category\/multimedia\/\" class=\"advgb-post-tax-term\">Multim\u00e9dia<\/a>"],"unlinked":["<span class=\"advgb-post-tax-term\">Fotos<\/span>","<span class=\"advgb-post-tax-term\">Multim\u00e9dia<\/span>"]},"tags":{"linked":["<a href=\"https:\/\/cpka.pt\/rallydelisboa\/category\/multimedia\/\" class=\"advgb-post-tax-term\">rally de lisboa 2021<\/a>","<a href=\"https:\/\/cpka.pt\/rallydelisboa\/category\/multimedia\/\" class=\"advgb-post-tax-term\">seguran\u00e7a<\/a>"],"unlinked":["<span class=\"advgb-post-tax-term\">rally de lisboa 2021<\/span>","<span class=\"advgb-post-tax-term\">seguran\u00e7a<\/span>"]}},"comment_count":"0","relative_dates":{"created":"Posted 5 anos ago","modified":"Updated 5 anos ago"},"absolute_dates":{"created":"Posted on 28 de Maio, 2021","modified":"Updated on 31 de Maio, 2021"},"absolute_dates_time":{"created":"Posted on 28 de Maio, 2021 9:21","modified":"Updated on 31 de Maio, 2021 9:34"},"featured_img_caption":"","series_order":"","_links":{"self":[{"href":"https:\/\/cpka.pt\/rallydelisboa\/wp-json\/wp\/v2\/posts\/1024","targetHints":{"allow":["GET"]}}],"collection":[{"href":"https:\/\/cpka.pt\/rallydelisboa\/wp-json\/wp\/v2\/posts"}],"about":[{"href":"https:\/\/cpka.pt\/rallydelisboa\/wp-json\/wp\/v2\/types\/post"}],"author":[{"embeddable":true,"href":"https:\/\/cpka.pt\/rallydelisboa\/wp-json\/wp\/v2\/users\/1"}],"replies":[{"embeddable":true,"href":"https:\/\/cpka.pt\/rallydelisboa\/wp-json\/wp\/v2\/comments?post=1024"}],"version-history":[{"count":1,"href":"https:\/\/cpka.pt\/rallydelisboa\/wp-json\/wp\/v2\/posts\/1024\/revisions"}],"predecessor-version":[{"id":1032,"href":"https:\/\/cpka.pt\/rallydelisboa\/wp-json\/wp\/v2\/posts\/1024\/revisions\/1032"}],"wp:featuredmedia":[{"embeddable":true,"href":"https:\/\/cpka.pt\/rallydelisboa\/wp-json\/wp\/v2\/media\/1026"}],"wp:attachment":[{"href":"https:\/\/cpka.pt\/rallydelisboa\/wp-json\/wp\/v2\/media?parent=1024"}],"wp:term":[{"taxonomy":"category","embeddable":true,"href":"https:\/\/cpka.pt\/rallydelisboa\/wp-json\/wp\/v2\/categories?post=1024"},{"taxonomy":"post_tag","embeddable":true,"href":"https:\/\/cpka.pt\/rallydelisboa\/wp-json\/wp\/v2\/tags?post=1024"}],"curies":[{"name":"wp","href":"https:\/\/api.w.org\/{rel}","templated":true}]}}