{"id":1282,"date":"2021-09-10T09:16:52","date_gmt":"2021-09-10T09:16:52","guid":{"rendered":"https:\/\/cpka.pt\/rallydelisboa\/?p=1282"},"modified":"2021-09-10T09:16:58","modified_gmt":"2021-09-10T09:16:58","slug":"piloto-madeirense-filipe-freitas-ja-confirmou-a-inscricao-no-rally","status":"publish","type":"post","link":"https:\/\/cpka.pt\/rallydelisboa\/2021\/09\/10\/piloto-madeirense-filipe-freitas-ja-confirmou-a-inscricao-no-rally\/","title":{"rendered":"Piloto Madeirense Filipe Freitas j\u00e1 confirmou a inscri\u00e7\u00e3o no Rally"},"content":{"rendered":"\n<figure class=\"wp-block-image alignwide size-large\"><img loading=\"lazy\" decoding=\"async\" width=\"1024\" height=\"632\" src=\"https:\/\/cpka.pt\/rallydelisboa\/wp-content\/uploads\/sites\/2\/2021\/09\/Filipe-freitas-1024x632.jpg\" alt=\"\" class=\"wp-image-1283\" srcset=\"https:\/\/cpka.pt\/rallydelisboa\/wp-content\/uploads\/sites\/2\/2021\/09\/Filipe-freitas-1024x632.jpg 1024w, https:\/\/cpka.pt\/rallydelisboa\/wp-content\/uploads\/sites\/2\/2021\/09\/Filipe-freitas-300x185.jpg 300w, https:\/\/cpka.pt\/rallydelisboa\/wp-content\/uploads\/sites\/2\/2021\/09\/Filipe-freitas-768x474.jpg 768w, https:\/\/cpka.pt\/rallydelisboa\/wp-content\/uploads\/sites\/2\/2021\/09\/Filipe-freitas-1536x948.jpg 1536w, https:\/\/cpka.pt\/rallydelisboa\/wp-content\/uploads\/sites\/2\/2021\/09\/Filipe-freitas.jpg 2010w\" sizes=\"auto, (max-width: 1024px) 100vw, 1024px\" \/><figcaption>Filipe Freitas e Daniel Figueiroa s\u00e3o um dos habituais grandes animadores do Campeonato de Ralis Coral da Madeira<\/figcaption><\/figure>\n\n\n\n<p>Filipe Freitas e Daniel Figueiroa \u00e9 uma das duas duplas madeirenses, que j\u00e1 confirmaram a sua inscri\u00e7\u00e3o no Rally de Lisboa, com os Porsche 911 GT3 CUP, que abrilhantam de uma forma fant\u00e1stica o Campeonato de Ralis Coral da Madeira.<br>Filipe Freitas, que j\u00e1 foi Campe\u00e3o Regional de Ralis da Madeira, est\u00e1 muito entusiasmado com esta sua participa\u00e7\u00e3o na ambicionada 1\u00aa edi\u00e7\u00e3o do Rally de Lisboa, onde promete dar espet\u00e1culo e ser r\u00e1pido numa prova, que vai ser uma novidade para todos os concorrentes.<\/p>\n","protected":false},"excerpt":{"rendered":"<p>Filipe Freitas e Daniel Figueiroa \u00e9 uma das duas duplas madeirenses, que j\u00e1 confirmaram a sua inscri\u00e7\u00e3o no Rally de Lisboa, com os Porsche 911&hellip;<\/p>\n","protected":false},"author":1,"featured_media":1283,"comment_status":"closed","ping_status":"closed","sticky":false,"template":"","format":"standard","meta":{"advgb_blocks_editor_width":"","advgb_blocks_columns_visual_guide":"","ngg_post_thumbnail":0,"footnotes":""},"categories":[3],"tags":[59,60,15,17],"class_list":["post-1282","post","type-post","status-publish","format-standard","has-post-thumbnail","hentry","category-noticias","tag-filipe-freitas","tag-porsche-911-gt3-cup","tag-rally-de-lisboa","tag-rally-de-lisboa-2021"],"gutentor_comment":0,"rise-blocks_total_comments":0,"rise-blocks_categories":[{"term_id":3,"name":"Not\u00edcias","slug":"noticias","term_group":0,"term_taxonomy_id":3,"taxonomy":"category","description":"","parent":0,"count":204,"filter":"raw","cat_ID":3,"category_count":204,"category_description":"","cat_name":"Not\u00edcias","category_nicename":"noticias","category_parent":0}],"rise-blocks_excerpt":"Filipe Freitas e Daniel Figueiroa \u00e9 uma das duas duplas madeirenses, que j\u00e1 confirmaram a sua inscri\u00e7\u00e3o no Rally de Lisboa, com os Porsche 911 GT3 CUP, que abrilhantam de uma forma fant\u00e1stica o Campeonato de Ralis Coral da Madeira.Filipe Freitas, que j\u00e1 foi Campe\u00e3o Regional de Ralis da Madeira, est\u00e1 muito entusiasmado com esta sua participa\u00e7\u00e3o na ambicionada 1\u00aa..","author_meta":{"display_name":"admin","author_link":"https:\/\/cpka.pt\/rallydelisboa\/author\/admin\/"},"featured_img":"https:\/\/cpka.pt\/rallydelisboa\/wp-content\/uploads\/sites\/2\/2021\/09\/Filipe-freitas-300x185.jpg","coauthors":[],"tax_additional":{"categories":{"linked":["<a href=\"https:\/\/cpka.pt\/rallydelisboa\/category\/noticias\/\" class=\"advgb-post-tax-term\">Not\u00edcias<\/a>"],"unlinked":["<span class=\"advgb-post-tax-term\">Not\u00edcias<\/span>"]},"tags":{"linked":["<a href=\"https:\/\/cpka.pt\/rallydelisboa\/category\/noticias\/\" class=\"advgb-post-tax-term\">Filipe Freitas<\/a>","<a href=\"https:\/\/cpka.pt\/rallydelisboa\/category\/noticias\/\" class=\"advgb-post-tax-term\">Porsche 911 GT3 Cup<\/a>","<a href=\"https:\/\/cpka.pt\/rallydelisboa\/category\/noticias\/\" class=\"advgb-post-tax-term\">rally de lisboa<\/a>","<a href=\"https:\/\/cpka.pt\/rallydelisboa\/category\/noticias\/\" class=\"advgb-post-tax-term\">rally de lisboa 2021<\/a>"],"unlinked":["<span class=\"advgb-post-tax-term\">Filipe Freitas<\/span>","<span class=\"advgb-post-tax-term\">Porsche 911 GT3 Cup<\/span>","<span class=\"advgb-post-tax-term\">rally de lisboa<\/span>","<span class=\"advgb-post-tax-term\">rally de lisboa 2021<\/span>"]}},"comment_count":"0","relative_dates":{"created":"Posted 5 anos ago","modified":"Updated 5 anos ago"},"absolute_dates":{"created":"Posted on 10 de Setembro, 2021","modified":"Updated on 10 de Setembro, 2021"},"absolute_dates_time":{"created":"Posted on 10 de Setembro, 2021 9:16","modified":"Updated on 10 de Setembro, 2021 9:16"},"featured_img_caption":"Filipe Freitas e Daniel Figueiroa s\u00e3o um dos habituais grandes animadores do Campeonato de Ralis Coral da Madeira","series_order":"","_links":{"self":[{"href":"https:\/\/cpka.pt\/rallydelisboa\/wp-json\/wp\/v2\/posts\/1282","targetHints":{"allow":["GET"]}}],"collection":[{"href":"https:\/\/cpka.pt\/rallydelisboa\/wp-json\/wp\/v2\/posts"}],"about":[{"href":"https:\/\/cpka.pt\/rallydelisboa\/wp-json\/wp\/v2\/types\/post"}],"author":[{"embeddable":true,"href":"https:\/\/cpka.pt\/rallydelisboa\/wp-json\/wp\/v2\/users\/1"}],"replies":[{"embeddable":true,"href":"https:\/\/cpka.pt\/rallydelisboa\/wp-json\/wp\/v2\/comments?post=1282"}],"version-history":[{"count":1,"href":"https:\/\/cpka.pt\/rallydelisboa\/wp-json\/wp\/v2\/posts\/1282\/revisions"}],"predecessor-version":[{"id":1284,"href":"https:\/\/cpka.pt\/rallydelisboa\/wp-json\/wp\/v2\/posts\/1282\/revisions\/1284"}],"wp:featuredmedia":[{"embeddable":true,"href":"https:\/\/cpka.pt\/rallydelisboa\/wp-json\/wp\/v2\/media\/1283"}],"wp:attachment":[{"href":"https:\/\/cpka.pt\/rallydelisboa\/wp-json\/wp\/v2\/media?parent=1282"}],"wp:term":[{"taxonomy":"category","embeddable":true,"href":"https:\/\/cpka.pt\/rallydelisboa\/wp-json\/wp\/v2\/categories?post=1282"},{"taxonomy":"post_tag","embeddable":true,"href":"https:\/\/cpka.pt\/rallydelisboa\/wp-json\/wp\/v2\/tags?post=1282"}],"curies":[{"name":"wp","href":"https:\/\/api.w.org\/{rel}","templated":true}]}}