{"id":1287,"date":"2021-09-08T16:24:00","date_gmt":"2021-09-08T16:24:00","guid":{"rendered":"https:\/\/cpka.pt\/rallydelisboa\/?p=1287"},"modified":"2021-09-10T16:29:10","modified_gmt":"2021-09-10T16:29:10","slug":"comecaram-a-chegar-varias-inscricoes-da-madeira-para-o-rally-de-lisboa","status":"publish","type":"post","link":"https:\/\/cpka.pt\/rallydelisboa\/2021\/09\/08\/comecaram-a-chegar-varias-inscricoes-da-madeira-para-o-rally-de-lisboa\/","title":{"rendered":"Come\u00e7aram a chegar v\u00e1rias inscri\u00e7\u00f5es da Madeira para o Rally de Lisboa"},"content":{"rendered":"\n<figure class=\"wp-block-image alignwide size-full\"><img loading=\"lazy\" decoding=\"async\" width=\"960\" height=\"640\" src=\"https:\/\/cpka.pt\/rallydelisboa\/wp-content\/uploads\/sites\/2\/2021\/09\/porsche-madeira.jpg\" alt=\"\" class=\"wp-image-1288\" srcset=\"https:\/\/cpka.pt\/rallydelisboa\/wp-content\/uploads\/sites\/2\/2021\/09\/porsche-madeira.jpg 960w, https:\/\/cpka.pt\/rallydelisboa\/wp-content\/uploads\/sites\/2\/2021\/09\/porsche-madeira-300x200.jpg 300w, https:\/\/cpka.pt\/rallydelisboa\/wp-content\/uploads\/sites\/2\/2021\/09\/porsche-madeira-768x512.jpg 768w\" sizes=\"auto, (max-width: 960px) 100vw, 960px\" \/><\/figure>\n\n\n\n<p>Varias inscri\u00e7\u00f5es de equipas da Ilha da Madeira, come\u00e7aram hoje a chegar\u2026<br>Tudo indica que o Rally de Lisboa, vai contar um forte naipe das principais equipas madeirenses!!!<\/p>\n","protected":false},"excerpt":{"rendered":"<p>Varias inscri\u00e7\u00f5es de equipas da Ilha da Madeira, come\u00e7aram hoje a chegar\u2026Tudo indica que o Rally de Lisboa, vai contar um forte naipe das principais&hellip;<\/p>\n","protected":false},"author":1,"featured_media":1288,"comment_status":"closed","ping_status":"closed","sticky":false,"template":"","format":"standard","meta":{"advgb_blocks_editor_width":"","advgb_blocks_columns_visual_guide":"","ngg_post_thumbnail":0,"footnotes":""},"categories":[3],"tags":[17],"class_list":["post-1287","post","type-post","status-publish","format-standard","has-post-thumbnail","hentry","category-noticias","tag-rally-de-lisboa-2021"],"gutentor_comment":0,"rise-blocks_total_comments":0,"rise-blocks_categories":[{"term_id":3,"name":"Not\u00edcias","slug":"noticias","term_group":0,"term_taxonomy_id":3,"taxonomy":"category","description":"","parent":0,"count":204,"filter":"raw","cat_ID":3,"category_count":204,"category_description":"","cat_name":"Not\u00edcias","category_nicename":"noticias","category_parent":0}],"rise-blocks_excerpt":"Varias inscri\u00e7\u00f5es de equipas da Ilha da Madeira, come\u00e7aram hoje a chegar\u2026Tudo indica que o Rally de Lisboa, vai contar um forte naipe das principais equipas madeirenses!!!","author_meta":{"display_name":"admin","author_link":"https:\/\/cpka.pt\/rallydelisboa\/author\/admin\/"},"featured_img":"https:\/\/cpka.pt\/rallydelisboa\/wp-content\/uploads\/sites\/2\/2021\/09\/porsche-madeira-300x200.jpg","coauthors":[],"tax_additional":{"categories":{"linked":["<a href=\"https:\/\/cpka.pt\/rallydelisboa\/category\/noticias\/\" class=\"advgb-post-tax-term\">Not\u00edcias<\/a>"],"unlinked":["<span class=\"advgb-post-tax-term\">Not\u00edcias<\/span>"]},"tags":{"linked":["<a href=\"https:\/\/cpka.pt\/rallydelisboa\/category\/noticias\/\" class=\"advgb-post-tax-term\">rally de lisboa 2021<\/a>"],"unlinked":["<span class=\"advgb-post-tax-term\">rally de lisboa 2021<\/span>"]}},"comment_count":"0","relative_dates":{"created":"Posted 5 anos ago","modified":"Updated 5 anos ago"},"absolute_dates":{"created":"Posted on 8 de Setembro, 2021","modified":"Updated on 10 de Setembro, 2021"},"absolute_dates_time":{"created":"Posted on 8 de Setembro, 2021 16:24","modified":"Updated on 10 de Setembro, 2021 16:29"},"featured_img_caption":"","series_order":"","_links":{"self":[{"href":"https:\/\/cpka.pt\/rallydelisboa\/wp-json\/wp\/v2\/posts\/1287","targetHints":{"allow":["GET"]}}],"collection":[{"href":"https:\/\/cpka.pt\/rallydelisboa\/wp-json\/wp\/v2\/posts"}],"about":[{"href":"https:\/\/cpka.pt\/rallydelisboa\/wp-json\/wp\/v2\/types\/post"}],"author":[{"embeddable":true,"href":"https:\/\/cpka.pt\/rallydelisboa\/wp-json\/wp\/v2\/users\/1"}],"replies":[{"embeddable":true,"href":"https:\/\/cpka.pt\/rallydelisboa\/wp-json\/wp\/v2\/comments?post=1287"}],"version-history":[{"count":1,"href":"https:\/\/cpka.pt\/rallydelisboa\/wp-json\/wp\/v2\/posts\/1287\/revisions"}],"predecessor-version":[{"id":1289,"href":"https:\/\/cpka.pt\/rallydelisboa\/wp-json\/wp\/v2\/posts\/1287\/revisions\/1289"}],"wp:featuredmedia":[{"embeddable":true,"href":"https:\/\/cpka.pt\/rallydelisboa\/wp-json\/wp\/v2\/media\/1288"}],"wp:attachment":[{"href":"https:\/\/cpka.pt\/rallydelisboa\/wp-json\/wp\/v2\/media?parent=1287"}],"wp:term":[{"taxonomy":"category","embeddable":true,"href":"https:\/\/cpka.pt\/rallydelisboa\/wp-json\/wp\/v2\/categories?post=1287"},{"taxonomy":"post_tag","embeddable":true,"href":"https:\/\/cpka.pt\/rallydelisboa\/wp-json\/wp\/v2\/tags?post=1287"}],"curies":[{"name":"wp","href":"https:\/\/api.w.org\/{rel}","templated":true}]}}