{"id":1308,"date":"2021-09-11T11:40:00","date_gmt":"2021-09-11T11:40:00","guid":{"rendered":"https:\/\/cpka.pt\/rallydelisboa\/?p=1308"},"modified":"2021-09-13T11:43:07","modified_gmt":"2021-09-13T11:43:07","slug":"paulo-mendes-ja-se-inscreveu-para-o-rally-de-lisboa","status":"publish","type":"post","link":"https:\/\/cpka.pt\/rallydelisboa\/2021\/09\/11\/paulo-mendes-ja-se-inscreveu-para-o-rally-de-lisboa\/","title":{"rendered":"Paulo Mendes j\u00e1 se inscreveu para o Rally de Lisboa"},"content":{"rendered":"\n<figure class=\"wp-block-image alignwide size-large\"><img loading=\"lazy\" decoding=\"async\" width=\"1024\" height=\"516\" src=\"https:\/\/cpka.pt\/rallydelisboa\/wp-content\/uploads\/sites\/2\/2021\/09\/Paulo-Mendes-1024x516.jpg\" alt=\"\" class=\"wp-image-1309\" srcset=\"https:\/\/cpka.pt\/rallydelisboa\/wp-content\/uploads\/sites\/2\/2021\/09\/Paulo-Mendes-1024x516.jpg 1024w, https:\/\/cpka.pt\/rallydelisboa\/wp-content\/uploads\/sites\/2\/2021\/09\/Paulo-Mendes-300x151.jpg 300w, https:\/\/cpka.pt\/rallydelisboa\/wp-content\/uploads\/sites\/2\/2021\/09\/Paulo-Mendes-768x387.jpg 768w, https:\/\/cpka.pt\/rallydelisboa\/wp-content\/uploads\/sites\/2\/2021\/09\/Paulo-Mendes.jpg 1342w\" sizes=\"auto, (max-width: 1024px) 100vw, 1024px\" \/><\/figure>\n\n\n\n<p>Paulo Mendes e Roberto Figueira \u00e9 a segunda das duas duplas madeirenses, que j\u00e1 confirmaram a sua inscri\u00e7\u00e3o no Rally de Lisboa, com um Porsche 911 GT3 CUP.<\/p>\n\n\n\n<p>O piloto madeirense \u00e9 um verdadeiro \u201cGentlemen Driver\u201d que disputa todas as provas em participa, sempre com o esp\u00edrito de continuar a aprender e a conhecer melhor o seu Porsche e a forma de tirar partido da sua impressionante potencia.<\/p>\n\n\n\n<p>Sem d\u00favida que esta equipa madeirense, tamb\u00e9m ir\u00e1 fazer as del\u00edcias do p\u00fablico do Rally de Lisboa.<\/p>\n","protected":false},"excerpt":{"rendered":"<p>Paulo Mendes e Roberto Figueira \u00e9 a segunda das duas duplas madeirenses, que j\u00e1 confirmaram a sua inscri\u00e7\u00e3o no Rally de Lisboa, com um Porsche&hellip;<\/p>\n","protected":false},"author":1,"featured_media":1309,"comment_status":"closed","ping_status":"closed","sticky":false,"template":"","format":"standard","meta":{"advgb_blocks_editor_width":"","advgb_blocks_columns_visual_guide":"","ngg_post_thumbnail":0,"footnotes":""},"categories":[3],"tags":[61,17],"class_list":["post-1308","post","type-post","status-publish","format-standard","has-post-thumbnail","hentry","category-noticias","tag-paulo-mendes","tag-rally-de-lisboa-2021"],"gutentor_comment":0,"rise-blocks_total_comments":0,"rise-blocks_categories":[{"term_id":3,"name":"Not\u00edcias","slug":"noticias","term_group":0,"term_taxonomy_id":3,"taxonomy":"category","description":"","parent":0,"count":204,"filter":"raw","cat_ID":3,"category_count":204,"category_description":"","cat_name":"Not\u00edcias","category_nicename":"noticias","category_parent":0}],"rise-blocks_excerpt":"Paulo Mendes e Roberto Figueira \u00e9 a segunda das duas duplas madeirenses, que j\u00e1 confirmaram a sua inscri\u00e7\u00e3o no Rally de Lisboa, com um Porsche 911 GT3 CUP. O piloto madeirense \u00e9 um verdadeiro \u201cGentlemen Driver\u201d que disputa todas as provas em participa, sempre com o esp\u00edrito de continuar a aprender e a conhecer melhor o seu Porsche e a..","author_meta":{"display_name":"admin","author_link":"https:\/\/cpka.pt\/rallydelisboa\/author\/admin\/"},"featured_img":"https:\/\/cpka.pt\/rallydelisboa\/wp-content\/uploads\/sites\/2\/2021\/09\/Paulo-Mendes-300x151.jpg","coauthors":[],"tax_additional":{"categories":{"linked":["<a href=\"https:\/\/cpka.pt\/rallydelisboa\/category\/noticias\/\" class=\"advgb-post-tax-term\">Not\u00edcias<\/a>"],"unlinked":["<span class=\"advgb-post-tax-term\">Not\u00edcias<\/span>"]},"tags":{"linked":["<a href=\"https:\/\/cpka.pt\/rallydelisboa\/category\/noticias\/\" class=\"advgb-post-tax-term\">Paulo Mendes<\/a>","<a href=\"https:\/\/cpka.pt\/rallydelisboa\/category\/noticias\/\" class=\"advgb-post-tax-term\">rally de lisboa 2021<\/a>"],"unlinked":["<span class=\"advgb-post-tax-term\">Paulo Mendes<\/span>","<span class=\"advgb-post-tax-term\">rally de lisboa 2021<\/span>"]}},"comment_count":"0","relative_dates":{"created":"Posted 5 anos ago","modified":"Updated 5 anos ago"},"absolute_dates":{"created":"Posted on 11 de Setembro, 2021","modified":"Updated on 13 de Setembro, 2021"},"absolute_dates_time":{"created":"Posted on 11 de Setembro, 2021 11:40","modified":"Updated on 13 de Setembro, 2021 11:43"},"featured_img_caption":"Paulo Mendes vai marcar presen\u00e7a no Rally de Lisboa 2021 (Foto: D.R.)","series_order":"","_links":{"self":[{"href":"https:\/\/cpka.pt\/rallydelisboa\/wp-json\/wp\/v2\/posts\/1308","targetHints":{"allow":["GET"]}}],"collection":[{"href":"https:\/\/cpka.pt\/rallydelisboa\/wp-json\/wp\/v2\/posts"}],"about":[{"href":"https:\/\/cpka.pt\/rallydelisboa\/wp-json\/wp\/v2\/types\/post"}],"author":[{"embeddable":true,"href":"https:\/\/cpka.pt\/rallydelisboa\/wp-json\/wp\/v2\/users\/1"}],"replies":[{"embeddable":true,"href":"https:\/\/cpka.pt\/rallydelisboa\/wp-json\/wp\/v2\/comments?post=1308"}],"version-history":[{"count":1,"href":"https:\/\/cpka.pt\/rallydelisboa\/wp-json\/wp\/v2\/posts\/1308\/revisions"}],"predecessor-version":[{"id":1310,"href":"https:\/\/cpka.pt\/rallydelisboa\/wp-json\/wp\/v2\/posts\/1308\/revisions\/1310"}],"wp:featuredmedia":[{"embeddable":true,"href":"https:\/\/cpka.pt\/rallydelisboa\/wp-json\/wp\/v2\/media\/1309"}],"wp:attachment":[{"href":"https:\/\/cpka.pt\/rallydelisboa\/wp-json\/wp\/v2\/media?parent=1308"}],"wp:term":[{"taxonomy":"category","embeddable":true,"href":"https:\/\/cpka.pt\/rallydelisboa\/wp-json\/wp\/v2\/categories?post=1308"},{"taxonomy":"post_tag","embeddable":true,"href":"https:\/\/cpka.pt\/rallydelisboa\/wp-json\/wp\/v2\/tags?post=1308"}],"curies":[{"name":"wp","href":"https:\/\/api.w.org\/{rel}","templated":true}]}}