{"id":1329,"date":"2021-09-15T15:42:00","date_gmt":"2021-09-15T15:42:00","guid":{"rendered":"https:\/\/cpka.pt\/rallydelisboa\/?p=1329"},"modified":"2021-09-17T15:44:32","modified_gmt":"2021-09-17T15:44:32","slug":"joao-silva-confirmado-com-ds3-r5","status":"publish","type":"post","link":"https:\/\/cpka.pt\/rallydelisboa\/2021\/09\/15\/joao-silva-confirmado-com-ds3-r5\/","title":{"rendered":"Jo\u00e3o Silva confirmado com DS3 R5"},"content":{"rendered":"\n<figure class=\"wp-block-image alignwide size-large\"><img loading=\"lazy\" decoding=\"async\" width=\"1024\" height=\"626\" src=\"https:\/\/cpka.pt\/rallydelisboa\/wp-content\/uploads\/sites\/2\/2021\/09\/joao-silva-1024x626.jpg\" alt=\"\" class=\"wp-image-1330\" srcset=\"https:\/\/cpka.pt\/rallydelisboa\/wp-content\/uploads\/sites\/2\/2021\/09\/joao-silva-1024x626.jpg 1024w, https:\/\/cpka.pt\/rallydelisboa\/wp-content\/uploads\/sites\/2\/2021\/09\/joao-silva-300x183.jpg 300w, https:\/\/cpka.pt\/rallydelisboa\/wp-content\/uploads\/sites\/2\/2021\/09\/joao-silva-768x469.jpg 768w, https:\/\/cpka.pt\/rallydelisboa\/wp-content\/uploads\/sites\/2\/2021\/09\/joao-silva.jpg 1255w\" sizes=\"auto, (max-width: 1024px) 100vw, 1024px\" \/><\/figure>\n\n\n\n<p>Jo\u00e3o Silva e V\u00edctor Calado \u00e9 mais uma dupla madeirense, que j\u00e1 confirmou a sua participa\u00e7\u00e3o na 1\u00aa edi\u00e7\u00e3o do Rally de Lisboa com o bonito Citroen DS3 R5, com as habituais cores da FX Hotelaria e a assist\u00eancia da reputada ARC, que \u00e1 muitos anos tem sido o suporte das muitas das vit\u00f3rias e t\u00edtulos conquistados.<\/p>\n\n\n\n<p>Jo\u00e3o Silva, que \u00e9 um dos mais conceituados pilotos madeirenses, onde apenas lhe falta vencer o Rali Vinho Madeira e o Campeonato de Ralis Coral da Madeira, objetivos estes, que por v\u00e1rias vezes o piloto esteve na luta e n\u00e3o o alcan\u00e7ou por muito pouco. Mas onde se deve real\u00e7ar o 3\u00ba lugar do p\u00f3dio no Rali Vinho Madeira de 2017 e os dois Vice-Campeonatos de 2017 e 2018, j\u00e1 depois de ter sido v\u00e1rios anos Campe\u00e3o da Madeira 2L\/2RM e tamb\u00e9m Campe\u00e3o de Portugal da mesma categoria com o Renault Clio R3 Maxi.<\/p>\n\n\n\n<p>Pelo meio, em 2012 o piloto madeirense, ainda se aventurou no Campeonato do Mundo no WRC Academy, competi\u00e7\u00e3o esta promovida pela FIA ao volante de Ford Fiesta R2 da M- Sport.<\/p>\n\n\n\n<p>Sem d\u00favida que Jo\u00e3o Silva e Victor Calado, que j\u00e1 fizeram equipa em 2018, ir\u00e3o abrilhantar muito o Rally de Lisboa e ser\u00e3o uma das principais equipas a lutar pelo Grupo X5, reservado aos carros da categoria R5 Ver menos<\/p>\n","protected":false},"excerpt":{"rendered":"<p>Jo\u00e3o Silva e V\u00edctor Calado \u00e9 mais uma dupla madeirense, que j\u00e1 confirmou a sua participa\u00e7\u00e3o na 1\u00aa edi\u00e7\u00e3o do Rally de Lisboa com o&hellip;<\/p>\n","protected":false},"author":1,"featured_media":1330,"comment_status":"closed","ping_status":"closed","sticky":false,"template":"","format":"standard","meta":{"advgb_blocks_editor_width":"","advgb_blocks_columns_visual_guide":"","ngg_post_thumbnail":0,"footnotes":""},"categories":[3],"tags":[63,62,17],"class_list":["post-1329","post","type-post","status-publish","format-standard","has-post-thumbnail","hentry","category-noticias","tag-citroen-ds3-r5","tag-joao-silva","tag-rally-de-lisboa-2021"],"gutentor_comment":0,"rise-blocks_total_comments":0,"rise-blocks_categories":[{"term_id":3,"name":"Not\u00edcias","slug":"noticias","term_group":0,"term_taxonomy_id":3,"taxonomy":"category","description":"","parent":0,"count":204,"filter":"raw","cat_ID":3,"category_count":204,"category_description":"","cat_name":"Not\u00edcias","category_nicename":"noticias","category_parent":0}],"rise-blocks_excerpt":"Jo\u00e3o Silva e V\u00edctor Calado \u00e9 mais uma dupla madeirense, que j\u00e1 confirmou a sua participa\u00e7\u00e3o na 1\u00aa edi\u00e7\u00e3o do Rally de Lisboa com o bonito Citroen DS3 R5, com as habituais cores da FX Hotelaria e a assist\u00eancia da reputada ARC, que \u00e1 muitos anos tem sido o suporte das muitas das vit\u00f3rias e t\u00edtulos conquistados. Jo\u00e3o Silva, que..","author_meta":{"display_name":"admin","author_link":"https:\/\/cpka.pt\/rallydelisboa\/author\/admin\/"},"featured_img":"https:\/\/cpka.pt\/rallydelisboa\/wp-content\/uploads\/sites\/2\/2021\/09\/joao-silva-300x183.jpg","coauthors":[],"tax_additional":{"categories":{"linked":["<a href=\"https:\/\/cpka.pt\/rallydelisboa\/category\/noticias\/\" class=\"advgb-post-tax-term\">Not\u00edcias<\/a>"],"unlinked":["<span class=\"advgb-post-tax-term\">Not\u00edcias<\/span>"]},"tags":{"linked":["<a href=\"https:\/\/cpka.pt\/rallydelisboa\/category\/noticias\/\" class=\"advgb-post-tax-term\">Citro\u00ebn DS3 R5<\/a>","<a href=\"https:\/\/cpka.pt\/rallydelisboa\/category\/noticias\/\" class=\"advgb-post-tax-term\">Jo\u00e3o Silva<\/a>","<a href=\"https:\/\/cpka.pt\/rallydelisboa\/category\/noticias\/\" class=\"advgb-post-tax-term\">rally de lisboa 2021<\/a>"],"unlinked":["<span class=\"advgb-post-tax-term\">Citro\u00ebn DS3 R5<\/span>","<span class=\"advgb-post-tax-term\">Jo\u00e3o Silva<\/span>","<span class=\"advgb-post-tax-term\">rally de lisboa 2021<\/span>"]}},"comment_count":"0","relative_dates":{"created":"Posted 5 anos ago","modified":"Updated 5 anos ago"},"absolute_dates":{"created":"Posted on 15 de Setembro, 2021","modified":"Updated on 17 de Setembro, 2021"},"absolute_dates_time":{"created":"Posted on 15 de Setembro, 2021 15:42","modified":"Updated on 17 de Setembro, 2021 15:44"},"featured_img_caption":"","series_order":"","_links":{"self":[{"href":"https:\/\/cpka.pt\/rallydelisboa\/wp-json\/wp\/v2\/posts\/1329","targetHints":{"allow":["GET"]}}],"collection":[{"href":"https:\/\/cpka.pt\/rallydelisboa\/wp-json\/wp\/v2\/posts"}],"about":[{"href":"https:\/\/cpka.pt\/rallydelisboa\/wp-json\/wp\/v2\/types\/post"}],"author":[{"embeddable":true,"href":"https:\/\/cpka.pt\/rallydelisboa\/wp-json\/wp\/v2\/users\/1"}],"replies":[{"embeddable":true,"href":"https:\/\/cpka.pt\/rallydelisboa\/wp-json\/wp\/v2\/comments?post=1329"}],"version-history":[{"count":1,"href":"https:\/\/cpka.pt\/rallydelisboa\/wp-json\/wp\/v2\/posts\/1329\/revisions"}],"predecessor-version":[{"id":1331,"href":"https:\/\/cpka.pt\/rallydelisboa\/wp-json\/wp\/v2\/posts\/1329\/revisions\/1331"}],"wp:featuredmedia":[{"embeddable":true,"href":"https:\/\/cpka.pt\/rallydelisboa\/wp-json\/wp\/v2\/media\/1330"}],"wp:attachment":[{"href":"https:\/\/cpka.pt\/rallydelisboa\/wp-json\/wp\/v2\/media?parent=1329"}],"wp:term":[{"taxonomy":"category","embeddable":true,"href":"https:\/\/cpka.pt\/rallydelisboa\/wp-json\/wp\/v2\/categories?post=1329"},{"taxonomy":"post_tag","embeddable":true,"href":"https:\/\/cpka.pt\/rallydelisboa\/wp-json\/wp\/v2\/tags?post=1329"}],"curies":[{"name":"wp","href":"https:\/\/api.w.org\/{rel}","templated":true}]}}