{"id":1771,"date":"2022-04-08T14:57:57","date_gmt":"2022-04-08T14:57:57","guid":{"rendered":"https:\/\/cpka.pt\/rallydelisboa\/?p=1771"},"modified":"2022-04-08T14:58:00","modified_gmt":"2022-04-08T14:58:00","slug":"video-balanco-vereador-do-desporto-municipio-de-alenquer","status":"publish","type":"post","link":"https:\/\/cpka.pt\/rallydelisboa\/2022\/04\/08\/video-balanco-vereador-do-desporto-municipio-de-alenquer\/","title":{"rendered":"V\u00cdDEO: BALAN\u00c7O VEREADOR DO DESPORTO MUNIC\u00cdPIO DE ALENQUER"},"content":{"rendered":"\n<figure class=\"wp-block-embed is-type-video is-provider-youtube wp-block-embed-youtube wp-embed-aspect-16-9 wp-has-aspect-ratio\"><div class=\"wp-block-embed__wrapper\">\n<iframe loading=\"lazy\" title=\"Rally de Lisboa\" width=\"843\" height=\"474\" src=\"https:\/\/www.youtube.com\/embed\/zlv_B1rDHfU?feature=oembed\" frameborder=\"0\" allow=\"accelerometer; autoplay; clipboard-write; encrypted-media; gyroscope; picture-in-picture; web-share\" referrerpolicy=\"strict-origin-when-cross-origin\" allowfullscreen><\/iframe>\n<\/div><\/figure>\n","protected":false},"excerpt":{"rendered":"","protected":false},"author":1,"featured_media":1772,"comment_status":"closed","ping_status":"closed","sticky":false,"template":"","format":"standard","meta":{"advgb_blocks_editor_width":"","advgb_blocks_columns_visual_guide":"","ngg_post_thumbnail":0,"footnotes":""},"categories":[2,8],"tags":[32,99,17,98,73,76],"class_list":["post-1771","post","type-post","status-publish","format-standard","has-post-thumbnail","hentry","category-multimedia","category-videos","tag-alenquer","tag-camara-municipal-de-alenquer","tag-rally-de-lisboa-2021","tag-vereador-do-desporto-municipio-de-alenquer","tag-video","tag-videos"],"gutentor_comment":0,"rise-blocks_total_comments":0,"rise-blocks_categories":[{"term_id":2,"name":"Multim\u00e9dia","slug":"multimedia","term_group":0,"term_taxonomy_id":2,"taxonomy":"category","description":"","parent":0,"count":82,"filter":"raw","cat_ID":2,"category_count":82,"category_description":"","cat_name":"Multim\u00e9dia","category_nicename":"multimedia","category_parent":0},{"term_id":8,"name":"V\u00eddeos","slug":"videos","term_group":0,"term_taxonomy_id":8,"taxonomy":"category","description":"","parent":2,"count":68,"filter":"raw","cat_ID":8,"category_count":68,"category_description":"","cat_name":"V\u00eddeos","category_nicename":"videos","category_parent":2}],"rise-blocks_excerpt":"","author_meta":{"display_name":"admin","author_link":"https:\/\/cpka.pt\/rallydelisboa\/author\/admin\/"},"featured_img":"https:\/\/cpka.pt\/rallydelisboa\/wp-content\/uploads\/sites\/2\/2022\/04\/Video-Vereador-alenquer-Rui-Costa-Rally-de-Lisboa-2021-300x190.jpg","coauthors":[],"tax_additional":{"categories":{"linked":["<a href=\"https:\/\/cpka.pt\/rallydelisboa\/category\/multimedia\/\" class=\"advgb-post-tax-term\">Multim\u00e9dia<\/a>","<a href=\"https:\/\/cpka.pt\/rallydelisboa\/category\/multimedia\/videos\/\" class=\"advgb-post-tax-term\">V\u00eddeos<\/a>"],"unlinked":["<span class=\"advgb-post-tax-term\">Multim\u00e9dia<\/span>","<span class=\"advgb-post-tax-term\">V\u00eddeos<\/span>"]},"tags":{"linked":["<a href=\"https:\/\/cpka.pt\/rallydelisboa\/category\/multimedia\/videos\/\" class=\"advgb-post-tax-term\">alenquer<\/a>","<a href=\"https:\/\/cpka.pt\/rallydelisboa\/category\/multimedia\/videos\/\" class=\"advgb-post-tax-term\">C\u00e2mara Municipal de Alenquer<\/a>","<a href=\"https:\/\/cpka.pt\/rallydelisboa\/category\/multimedia\/videos\/\" class=\"advgb-post-tax-term\">rally de lisboa 2021<\/a>","<a href=\"https:\/\/cpka.pt\/rallydelisboa\/category\/multimedia\/videos\/\" class=\"advgb-post-tax-term\">Vereador Do desporto Munic\u00edpio de Alenquer<\/a>","<a href=\"https:\/\/cpka.pt\/rallydelisboa\/category\/multimedia\/videos\/\" class=\"advgb-post-tax-term\">V\u00eddeo<\/a>","<a href=\"https:\/\/cpka.pt\/rallydelisboa\/category\/multimedia\/videos\/\" class=\"advgb-post-tax-term\">V\u00cdDEOS<\/a>"],"unlinked":["<span class=\"advgb-post-tax-term\">alenquer<\/span>","<span class=\"advgb-post-tax-term\">C\u00e2mara Municipal de Alenquer<\/span>","<span class=\"advgb-post-tax-term\">rally de lisboa 2021<\/span>","<span class=\"advgb-post-tax-term\">Vereador Do desporto Munic\u00edpio de Alenquer<\/span>","<span class=\"advgb-post-tax-term\">V\u00eddeo<\/span>","<span class=\"advgb-post-tax-term\">V\u00cdDEOS<\/span>"]}},"comment_count":"0","relative_dates":{"created":"Posted 4 anos ago","modified":"Updated 4 anos ago"},"absolute_dates":{"created":"Posted on 8 de Abril, 2022","modified":"Updated on 8 de Abril, 2022"},"absolute_dates_time":{"created":"Posted on 8 de Abril, 2022 14:57","modified":"Updated on 8 de Abril, 2022 14:58"},"featured_img_caption":"","series_order":"","_links":{"self":[{"href":"https:\/\/cpka.pt\/rallydelisboa\/wp-json\/wp\/v2\/posts\/1771","targetHints":{"allow":["GET"]}}],"collection":[{"href":"https:\/\/cpka.pt\/rallydelisboa\/wp-json\/wp\/v2\/posts"}],"about":[{"href":"https:\/\/cpka.pt\/rallydelisboa\/wp-json\/wp\/v2\/types\/post"}],"author":[{"embeddable":true,"href":"https:\/\/cpka.pt\/rallydelisboa\/wp-json\/wp\/v2\/users\/1"}],"replies":[{"embeddable":true,"href":"https:\/\/cpka.pt\/rallydelisboa\/wp-json\/wp\/v2\/comments?post=1771"}],"version-history":[{"count":1,"href":"https:\/\/cpka.pt\/rallydelisboa\/wp-json\/wp\/v2\/posts\/1771\/revisions"}],"predecessor-version":[{"id":1773,"href":"https:\/\/cpka.pt\/rallydelisboa\/wp-json\/wp\/v2\/posts\/1771\/revisions\/1773"}],"wp:featuredmedia":[{"embeddable":true,"href":"https:\/\/cpka.pt\/rallydelisboa\/wp-json\/wp\/v2\/media\/1772"}],"wp:attachment":[{"href":"https:\/\/cpka.pt\/rallydelisboa\/wp-json\/wp\/v2\/media?parent=1771"}],"wp:term":[{"taxonomy":"category","embeddable":true,"href":"https:\/\/cpka.pt\/rallydelisboa\/wp-json\/wp\/v2\/categories?post=1771"},{"taxonomy":"post_tag","embeddable":true,"href":"https:\/\/cpka.pt\/rallydelisboa\/wp-json\/wp\/v2\/tags?post=1771"}],"curies":[{"name":"wp","href":"https:\/\/api.w.org\/{rel}","templated":true}]}}