{"id":1822,"date":"2022-04-20T13:37:00","date_gmt":"2022-04-20T13:37:00","guid":{"rendered":"https:\/\/cpka.pt\/rallydelisboa\/?p=1822"},"modified":"2022-04-22T13:40:27","modified_gmt":"2022-04-22T13:40:27","slug":"paulo-mendes-repete-participacao","status":"publish","type":"post","link":"https:\/\/cpka.pt\/rallydelisboa\/2022\/04\/20\/paulo-mendes-repete-participacao\/","title":{"rendered":"PAULO MENDES REPETE PARTICIPA\u00c7\u00c3O"},"content":{"rendered":"\n<figure class=\"wp-block-image alignwide size-large\"><img loading=\"lazy\" decoding=\"async\" width=\"1024\" height=\"684\" src=\"https:\/\/cpka.pt\/rallydelisboa\/wp-content\/uploads\/sites\/2\/2022\/04\/Paulo-Mendes-rali-de-sao-vicente-2022-foto-carlos-da-silva-1024x684.jpg\" alt=\"\" class=\"wp-image-1823\" srcset=\"https:\/\/cpka.pt\/rallydelisboa\/wp-content\/uploads\/sites\/2\/2022\/04\/Paulo-Mendes-rali-de-sao-vicente-2022-foto-carlos-da-silva-1024x684.jpg 1024w, https:\/\/cpka.pt\/rallydelisboa\/wp-content\/uploads\/sites\/2\/2022\/04\/Paulo-Mendes-rali-de-sao-vicente-2022-foto-carlos-da-silva-300x201.jpg 300w, https:\/\/cpka.pt\/rallydelisboa\/wp-content\/uploads\/sites\/2\/2022\/04\/Paulo-Mendes-rali-de-sao-vicente-2022-foto-carlos-da-silva-768x513.jpg 768w, https:\/\/cpka.pt\/rallydelisboa\/wp-content\/uploads\/sites\/2\/2022\/04\/Paulo-Mendes-rali-de-sao-vicente-2022-foto-carlos-da-silva.jpg 1197w\" sizes=\"auto, (max-width: 1024px) 100vw, 1024px\" \/><figcaption>Paulo Mendes no Rali Munic\u00edpio de S\u00e3o Vicente 2022 (Foto: Carlos da Silva)<\/figcaption><\/figure>\n\n\n\n<p>Paulo Mendes, foi o segundo piloto a confirmar a sua participa\u00e7\u00e3o no Rally de Lisboa, com o outro Porsche 911 GT3 CUP (991) do Team Porsche Madeira que tamb\u00e9m em 2021, brindou os milhares de espetadores nas classificativas da grande Lisboa, j\u00e1 que o impressionante som, que sai dos escapes do 911\u2026 \u00e9 uma aut\u00eantica orquestra para todo o publico!!!<\/p>\n\n\n\n<p>Paulo Mentes a exemplo do seu colega de equipa Filipe Freitas, come\u00e7ou igualmente a \u00e9poca de 2022 com um brilhante 3\u00ba lugar do p\u00f3dio do Rali de S\u00e3o Vicente, a prova inaugural do Campeonato de Ralis Coral da Madeira.<\/p>\n","protected":false},"excerpt":{"rendered":"<p>Paulo Mendes, foi o segundo piloto a confirmar a sua participa\u00e7\u00e3o no Rally de Lisboa, com o outro Porsche 911 GT3 CUP (991) do Team&hellip;<\/p>\n","protected":false},"author":1,"featured_media":1823,"comment_status":"closed","ping_status":"closed","sticky":false,"template":"","format":"standard","meta":{"advgb_blocks_editor_width":"","advgb_blocks_columns_visual_guide":"","ngg_post_thumbnail":0,"footnotes":""},"categories":[3],"tags":[61,60,87],"class_list":["post-1822","post","type-post","status-publish","format-standard","has-post-thumbnail","hentry","category-noticias","tag-paulo-mendes","tag-porsche-911-gt3-cup","tag-rally-de-lisboa-2022"],"gutentor_comment":0,"rise-blocks_total_comments":0,"rise-blocks_categories":[{"term_id":3,"name":"Not\u00edcias","slug":"noticias","term_group":0,"term_taxonomy_id":3,"taxonomy":"category","description":"","parent":0,"count":204,"filter":"raw","cat_ID":3,"category_count":204,"category_description":"","cat_name":"Not\u00edcias","category_nicename":"noticias","category_parent":0}],"rise-blocks_excerpt":"Paulo Mendes, foi o segundo piloto a confirmar a sua participa\u00e7\u00e3o no Rally de Lisboa, com o outro Porsche 911 GT3 CUP (991) do Team Porsche Madeira que tamb\u00e9m em 2021, brindou os milhares de espetadores nas classificativas da grande Lisboa, j\u00e1 que o impressionante som, que sai dos escapes do 911\u2026 \u00e9 uma aut\u00eantica orquestra para todo o publico!!!..","author_meta":{"display_name":"admin","author_link":"https:\/\/cpka.pt\/rallydelisboa\/author\/admin\/"},"featured_img":"https:\/\/cpka.pt\/rallydelisboa\/wp-content\/uploads\/sites\/2\/2022\/04\/Paulo-Mendes-rali-de-sao-vicente-2022-foto-carlos-da-silva-300x201.jpg","coauthors":[],"tax_additional":{"categories":{"linked":["<a href=\"https:\/\/cpka.pt\/rallydelisboa\/category\/noticias\/\" class=\"advgb-post-tax-term\">Not\u00edcias<\/a>"],"unlinked":["<span class=\"advgb-post-tax-term\">Not\u00edcias<\/span>"]},"tags":{"linked":["<a href=\"https:\/\/cpka.pt\/rallydelisboa\/category\/noticias\/\" class=\"advgb-post-tax-term\">Paulo Mendes<\/a>","<a href=\"https:\/\/cpka.pt\/rallydelisboa\/category\/noticias\/\" class=\"advgb-post-tax-term\">Porsche 911 GT3 Cup<\/a>","<a href=\"https:\/\/cpka.pt\/rallydelisboa\/category\/noticias\/\" class=\"advgb-post-tax-term\">RALLY DE LISBOA 2022<\/a>"],"unlinked":["<span class=\"advgb-post-tax-term\">Paulo Mendes<\/span>","<span class=\"advgb-post-tax-term\">Porsche 911 GT3 Cup<\/span>","<span class=\"advgb-post-tax-term\">RALLY DE LISBOA 2022<\/span>"]}},"comment_count":"0","relative_dates":{"created":"Posted 4 anos ago","modified":"Updated 4 anos ago"},"absolute_dates":{"created":"Posted on 20 de Abril, 2022","modified":"Updated on 22 de Abril, 2022"},"absolute_dates_time":{"created":"Posted on 20 de Abril, 2022 13:37","modified":"Updated on 22 de Abril, 2022 13:40"},"featured_img_caption":"Paulo Mendes no Rali Munic\u00edpio de S\u00e3o Vicente 2022 (Foto: Carlos da Silva)","series_order":"","_links":{"self":[{"href":"https:\/\/cpka.pt\/rallydelisboa\/wp-json\/wp\/v2\/posts\/1822","targetHints":{"allow":["GET"]}}],"collection":[{"href":"https:\/\/cpka.pt\/rallydelisboa\/wp-json\/wp\/v2\/posts"}],"about":[{"href":"https:\/\/cpka.pt\/rallydelisboa\/wp-json\/wp\/v2\/types\/post"}],"author":[{"embeddable":true,"href":"https:\/\/cpka.pt\/rallydelisboa\/wp-json\/wp\/v2\/users\/1"}],"replies":[{"embeddable":true,"href":"https:\/\/cpka.pt\/rallydelisboa\/wp-json\/wp\/v2\/comments?post=1822"}],"version-history":[{"count":2,"href":"https:\/\/cpka.pt\/rallydelisboa\/wp-json\/wp\/v2\/posts\/1822\/revisions"}],"predecessor-version":[{"id":1825,"href":"https:\/\/cpka.pt\/rallydelisboa\/wp-json\/wp\/v2\/posts\/1822\/revisions\/1825"}],"wp:featuredmedia":[{"embeddable":true,"href":"https:\/\/cpka.pt\/rallydelisboa\/wp-json\/wp\/v2\/media\/1823"}],"wp:attachment":[{"href":"https:\/\/cpka.pt\/rallydelisboa\/wp-json\/wp\/v2\/media?parent=1822"}],"wp:term":[{"taxonomy":"category","embeddable":true,"href":"https:\/\/cpka.pt\/rallydelisboa\/wp-json\/wp\/v2\/categories?post=1822"},{"taxonomy":"post_tag","embeddable":true,"href":"https:\/\/cpka.pt\/rallydelisboa\/wp-json\/wp\/v2\/tags?post=1822"}],"curies":[{"name":"wp","href":"https:\/\/api.w.org\/{rel}","templated":true}]}}