{"id":1826,"date":"2022-04-21T13:41:00","date_gmt":"2022-04-21T13:41:00","guid":{"rendered":"https:\/\/cpka.pt\/rallydelisboa\/?p=1826"},"modified":"2022-04-22T13:44:08","modified_gmt":"2022-04-22T13:44:08","slug":"carlos-fernandes-confirma-mitsubishi-voador","status":"publish","type":"post","link":"https:\/\/cpka.pt\/rallydelisboa\/2022\/04\/21\/carlos-fernandes-confirma-mitsubishi-voador\/","title":{"rendered":"CARLOS FERNANDES CONFIRMA MITSUBISHI &#8220;VOADOR&#8221;"},"content":{"rendered":"\n<figure class=\"wp-block-image alignwide size-large\"><img loading=\"lazy\" decoding=\"async\" width=\"1024\" height=\"603\" src=\"https:\/\/cpka.pt\/rallydelisboa\/wp-content\/uploads\/sites\/2\/2022\/04\/Carlos-Fernandes-1024x603.jpg\" alt=\"\" class=\"wp-image-1827\" srcset=\"https:\/\/cpka.pt\/rallydelisboa\/wp-content\/uploads\/sites\/2\/2022\/04\/Carlos-Fernandes-1024x603.jpg 1024w, https:\/\/cpka.pt\/rallydelisboa\/wp-content\/uploads\/sites\/2\/2022\/04\/Carlos-Fernandes-300x177.jpg 300w, https:\/\/cpka.pt\/rallydelisboa\/wp-content\/uploads\/sites\/2\/2022\/04\/Carlos-Fernandes-768x452.jpg 768w, https:\/\/cpka.pt\/rallydelisboa\/wp-content\/uploads\/sites\/2\/2022\/04\/Carlos-Fernandes.jpg 1078w\" sizes=\"auto, (max-width: 1024px) 100vw, 1024px\" \/><figcaption>Carlos Fernandes \/ Valter Cardoso (Foto: D.R.)<\/figcaption><\/figure>\n\n\n\n<p>Carlos Fernandes e V\u00e1lter Cardoso, atuais Campe\u00f5es Nacionais de 2 RM e que na 1\u00aa edi\u00e7\u00e3o do Rally de Lisboa foram uns brilhantes 2\u00ba Classificados da Prova Extra, j\u00e1 confirmaram a participa\u00e7\u00e3o no rali deste ano, com o velho conhecido \u201cMitsubishi (Voador) Evo VI\u201d, onde v\u00e3o alinhar no Trof\u00e9u Regional Sul de Ralis.<\/p>\n\n\n\n<p>Sem d\u00favida, que este \u00e9 um dos pilotos mais r\u00e1pidos e espetacular dos 50, que j\u00e1 se inscreveram at\u00e9 ao momento para participar nesta grande festa dos ralis.<\/p>\n","protected":false},"excerpt":{"rendered":"<p>Carlos Fernandes e V\u00e1lter Cardoso, atuais Campe\u00f5es Nacionais de 2 RM e que na 1\u00aa edi\u00e7\u00e3o do Rally de Lisboa foram uns brilhantes 2\u00ba Classificados&hellip;<\/p>\n","protected":false},"author":1,"featured_media":1827,"comment_status":"closed","ping_status":"closed","sticky":false,"template":"","format":"standard","meta":{"advgb_blocks_editor_width":"","advgb_blocks_columns_visual_guide":"","ngg_post_thumbnail":0,"footnotes":""},"categories":[3],"tags":[111,112,113,87],"class_list":["post-1826","post","type-post","status-publish","format-standard","has-post-thumbnail","hentry","category-noticias","tag-carlos-fernandes","tag-mitsubishi","tag-mitsubishi-lancer-evo-vi","tag-rally-de-lisboa-2022"],"gutentor_comment":0,"rise-blocks_total_comments":0,"rise-blocks_categories":[{"term_id":3,"name":"Not\u00edcias","slug":"noticias","term_group":0,"term_taxonomy_id":3,"taxonomy":"category","description":"","parent":0,"count":204,"filter":"raw","cat_ID":3,"category_count":204,"category_description":"","cat_name":"Not\u00edcias","category_nicename":"noticias","category_parent":0}],"rise-blocks_excerpt":"Carlos Fernandes e V\u00e1lter Cardoso, atuais Campe\u00f5es Nacionais de 2 RM e que na 1\u00aa edi\u00e7\u00e3o do Rally de Lisboa foram uns brilhantes 2\u00ba Classificados da Prova Extra, j\u00e1 confirmaram a participa\u00e7\u00e3o no rali deste ano, com o velho conhecido \u201cMitsubishi (Voador) Evo VI\u201d, onde v\u00e3o alinhar no Trof\u00e9u Regional Sul de Ralis. Sem d\u00favida, que este \u00e9 um dos..","author_meta":{"display_name":"admin","author_link":"https:\/\/cpka.pt\/rallydelisboa\/author\/admin\/"},"featured_img":"https:\/\/cpka.pt\/rallydelisboa\/wp-content\/uploads\/sites\/2\/2022\/04\/Carlos-Fernandes-300x177.jpg","coauthors":[],"tax_additional":{"categories":{"linked":["<a href=\"https:\/\/cpka.pt\/rallydelisboa\/category\/noticias\/\" class=\"advgb-post-tax-term\">Not\u00edcias<\/a>"],"unlinked":["<span class=\"advgb-post-tax-term\">Not\u00edcias<\/span>"]},"tags":{"linked":["<a href=\"https:\/\/cpka.pt\/rallydelisboa\/category\/noticias\/\" class=\"advgb-post-tax-term\">Carlos Fernandes<\/a>","<a href=\"https:\/\/cpka.pt\/rallydelisboa\/category\/noticias\/\" class=\"advgb-post-tax-term\">Mitsubishi<\/a>","<a href=\"https:\/\/cpka.pt\/rallydelisboa\/category\/noticias\/\" class=\"advgb-post-tax-term\">Mitsubishi Lancer EVO VI<\/a>","<a href=\"https:\/\/cpka.pt\/rallydelisboa\/category\/noticias\/\" class=\"advgb-post-tax-term\">RALLY DE LISBOA 2022<\/a>"],"unlinked":["<span class=\"advgb-post-tax-term\">Carlos Fernandes<\/span>","<span class=\"advgb-post-tax-term\">Mitsubishi<\/span>","<span class=\"advgb-post-tax-term\">Mitsubishi Lancer EVO VI<\/span>","<span class=\"advgb-post-tax-term\">RALLY DE LISBOA 2022<\/span>"]}},"comment_count":"0","relative_dates":{"created":"Posted 4 anos ago","modified":"Updated 4 anos ago"},"absolute_dates":{"created":"Posted on 21 de Abril, 2022","modified":"Updated on 22 de Abril, 2022"},"absolute_dates_time":{"created":"Posted on 21 de Abril, 2022 13:41","modified":"Updated on 22 de Abril, 2022 13:44"},"featured_img_caption":"","series_order":"","_links":{"self":[{"href":"https:\/\/cpka.pt\/rallydelisboa\/wp-json\/wp\/v2\/posts\/1826","targetHints":{"allow":["GET"]}}],"collection":[{"href":"https:\/\/cpka.pt\/rallydelisboa\/wp-json\/wp\/v2\/posts"}],"about":[{"href":"https:\/\/cpka.pt\/rallydelisboa\/wp-json\/wp\/v2\/types\/post"}],"author":[{"embeddable":true,"href":"https:\/\/cpka.pt\/rallydelisboa\/wp-json\/wp\/v2\/users\/1"}],"replies":[{"embeddable":true,"href":"https:\/\/cpka.pt\/rallydelisboa\/wp-json\/wp\/v2\/comments?post=1826"}],"version-history":[{"count":1,"href":"https:\/\/cpka.pt\/rallydelisboa\/wp-json\/wp\/v2\/posts\/1826\/revisions"}],"predecessor-version":[{"id":1828,"href":"https:\/\/cpka.pt\/rallydelisboa\/wp-json\/wp\/v2\/posts\/1826\/revisions\/1828"}],"wp:featuredmedia":[{"embeddable":true,"href":"https:\/\/cpka.pt\/rallydelisboa\/wp-json\/wp\/v2\/media\/1827"}],"wp:attachment":[{"href":"https:\/\/cpka.pt\/rallydelisboa\/wp-json\/wp\/v2\/media?parent=1826"}],"wp:term":[{"taxonomy":"category","embeddable":true,"href":"https:\/\/cpka.pt\/rallydelisboa\/wp-json\/wp\/v2\/categories?post=1826"},{"taxonomy":"post_tag","embeddable":true,"href":"https:\/\/cpka.pt\/rallydelisboa\/wp-json\/wp\/v2\/tags?post=1826"}],"curies":[{"name":"wp","href":"https:\/\/api.w.org\/{rel}","templated":true}]}}