{"id":1985,"date":"2022-05-24T06:08:00","date_gmt":"2022-05-24T06:08:00","guid":{"rendered":"https:\/\/cpka.pt\/rallydelisboa\/?p=1985"},"modified":"2022-05-24T16:10:31","modified_gmt":"2022-05-24T16:10:31","slug":"jose-merceano-confirmado-de-evo-x","status":"publish","type":"post","link":"https:\/\/cpka.pt\/rallydelisboa\/2022\/05\/24\/jose-merceano-confirmado-de-evo-x\/","title":{"rendered":"JOS\u00c9 MERCEANO CONFIRMADO DE EVO X"},"content":{"rendered":"\n<figure class=\"wp-block-image alignfull size-large\"><img loading=\"lazy\" decoding=\"async\" width=\"1024\" height=\"732\" src=\"https:\/\/cpka.pt\/rallydelisboa\/wp-content\/uploads\/sites\/2\/2022\/05\/Jose-Merceano-1024x732.jpg\" alt=\"\" class=\"wp-image-1986\" srcset=\"https:\/\/cpka.pt\/rallydelisboa\/wp-content\/uploads\/sites\/2\/2022\/05\/Jose-Merceano-1024x732.jpg 1024w, https:\/\/cpka.pt\/rallydelisboa\/wp-content\/uploads\/sites\/2\/2022\/05\/Jose-Merceano-300x214.jpg 300w, https:\/\/cpka.pt\/rallydelisboa\/wp-content\/uploads\/sites\/2\/2022\/05\/Jose-Merceano-768x549.jpg 768w, https:\/\/cpka.pt\/rallydelisboa\/wp-content\/uploads\/sites\/2\/2022\/05\/Jose-Merceano-1536x1097.jpg 1536w, https:\/\/cpka.pt\/rallydelisboa\/wp-content\/uploads\/sites\/2\/2022\/05\/Jose-Merceano.jpg 1838w\" sizes=\"auto, (max-width: 1024px) 100vw, 1024px\" \/><\/figure>\n\n\n\n<p>Jos\u00e9 Merceano e Francisco Pereira, que j\u00e1 confirmaram a sua participa\u00e7\u00e3o com um Mitsubishi EVO X, ser\u00e3o certamente uma das equipas com mais publico e f\u00e3s a vibrar e a puxar pela equipa de Santana da Carnota, visto que o rali vai passar literalmente \u00e1 porta de casa\u2026<\/p>\n\n\n\n<p>Certamente, que o ambiente e o entusiasmo na classificativa de Alenquer a exemplo de 2021, vai ser novamente fascinante, n\u00e3o s\u00f3 devido a esta equipa, mas tamb\u00e9m a muitas outras equipas do concelho, que v\u00e3o voltar a estar em for\u00e7a no Rally de Lisboa\u2026 e recordar os tempos famoso do \u201cMundial de Alenquer\u201d\u2026<\/p>\n","protected":false},"excerpt":{"rendered":"<p>Jos\u00e9 Merceano e Francisco Pereira, que j\u00e1 confirmaram a sua participa\u00e7\u00e3o com um Mitsubishi EVO X, ser\u00e3o certamente uma das equipas com mais publico e&hellip;<\/p>\n","protected":false},"author":1,"featured_media":1986,"comment_status":"closed","ping_status":"closed","sticky":false,"template":"","format":"standard","meta":{"advgb_blocks_editor_width":"","advgb_blocks_columns_visual_guide":"","ngg_post_thumbnail":0,"footnotes":""},"categories":[3],"tags":[194,112,145,87],"class_list":["post-1985","post","type-post","status-publish","format-standard","has-post-thumbnail","hentry","category-noticias","tag-jose-merceano","tag-mitsubishi","tag-mitsubishi-lancer-evo-x","tag-rally-de-lisboa-2022"],"gutentor_comment":0,"rise-blocks_total_comments":0,"rise-blocks_categories":[{"term_id":3,"name":"Not\u00edcias","slug":"noticias","term_group":0,"term_taxonomy_id":3,"taxonomy":"category","description":"","parent":0,"count":204,"filter":"raw","cat_ID":3,"category_count":204,"category_description":"","cat_name":"Not\u00edcias","category_nicename":"noticias","category_parent":0}],"rise-blocks_excerpt":"Jos\u00e9 Merceano e Francisco Pereira, que j\u00e1 confirmaram a sua participa\u00e7\u00e3o com um Mitsubishi EVO X, ser\u00e3o certamente uma das equipas com mais publico e f\u00e3s a vibrar e a puxar pela equipa de Santana da Carnota, visto que o rali vai passar literalmente \u00e1 porta de casa\u2026 Certamente, que o ambiente e o entusiasmo na classificativa de Alenquer a..","author_meta":{"display_name":"admin","author_link":"https:\/\/cpka.pt\/rallydelisboa\/author\/admin\/"},"featured_img":"https:\/\/cpka.pt\/rallydelisboa\/wp-content\/uploads\/sites\/2\/2022\/05\/Jose-Merceano-300x214.jpg","coauthors":[],"tax_additional":{"categories":{"linked":["<a href=\"https:\/\/cpka.pt\/rallydelisboa\/category\/noticias\/\" class=\"advgb-post-tax-term\">Not\u00edcias<\/a>"],"unlinked":["<span class=\"advgb-post-tax-term\">Not\u00edcias<\/span>"]},"tags":{"linked":["<a href=\"https:\/\/cpka.pt\/rallydelisboa\/category\/noticias\/\" class=\"advgb-post-tax-term\">Jos\u00e9 Merceano<\/a>","<a href=\"https:\/\/cpka.pt\/rallydelisboa\/category\/noticias\/\" class=\"advgb-post-tax-term\">Mitsubishi<\/a>","<a href=\"https:\/\/cpka.pt\/rallydelisboa\/category\/noticias\/\" class=\"advgb-post-tax-term\">Mitsubishi Lancer EVO X<\/a>","<a href=\"https:\/\/cpka.pt\/rallydelisboa\/category\/noticias\/\" class=\"advgb-post-tax-term\">RALLY DE LISBOA 2022<\/a>"],"unlinked":["<span class=\"advgb-post-tax-term\">Jos\u00e9 Merceano<\/span>","<span class=\"advgb-post-tax-term\">Mitsubishi<\/span>","<span class=\"advgb-post-tax-term\">Mitsubishi Lancer EVO X<\/span>","<span class=\"advgb-post-tax-term\">RALLY DE LISBOA 2022<\/span>"]}},"comment_count":"0","relative_dates":{"created":"Posted 4 anos ago","modified":"Updated 4 anos ago"},"absolute_dates":{"created":"Posted on 24 de Maio, 2022","modified":"Updated on 24 de Maio, 2022"},"absolute_dates_time":{"created":"Posted on 24 de Maio, 2022 6:08","modified":"Updated on 24 de Maio, 2022 16:10"},"featured_img_caption":"","series_order":"","_links":{"self":[{"href":"https:\/\/cpka.pt\/rallydelisboa\/wp-json\/wp\/v2\/posts\/1985","targetHints":{"allow":["GET"]}}],"collection":[{"href":"https:\/\/cpka.pt\/rallydelisboa\/wp-json\/wp\/v2\/posts"}],"about":[{"href":"https:\/\/cpka.pt\/rallydelisboa\/wp-json\/wp\/v2\/types\/post"}],"author":[{"embeddable":true,"href":"https:\/\/cpka.pt\/rallydelisboa\/wp-json\/wp\/v2\/users\/1"}],"replies":[{"embeddable":true,"href":"https:\/\/cpka.pt\/rallydelisboa\/wp-json\/wp\/v2\/comments?post=1985"}],"version-history":[{"count":1,"href":"https:\/\/cpka.pt\/rallydelisboa\/wp-json\/wp\/v2\/posts\/1985\/revisions"}],"predecessor-version":[{"id":1987,"href":"https:\/\/cpka.pt\/rallydelisboa\/wp-json\/wp\/v2\/posts\/1985\/revisions\/1987"}],"wp:featuredmedia":[{"embeddable":true,"href":"https:\/\/cpka.pt\/rallydelisboa\/wp-json\/wp\/v2\/media\/1986"}],"wp:attachment":[{"href":"https:\/\/cpka.pt\/rallydelisboa\/wp-json\/wp\/v2\/media?parent=1985"}],"wp:term":[{"taxonomy":"category","embeddable":true,"href":"https:\/\/cpka.pt\/rallydelisboa\/wp-json\/wp\/v2\/categories?post=1985"},{"taxonomy":"post_tag","embeddable":true,"href":"https:\/\/cpka.pt\/rallydelisboa\/wp-json\/wp\/v2\/tags?post=1985"}],"curies":[{"name":"wp","href":"https:\/\/api.w.org\/{rel}","templated":true}]}}