{"id":2634,"date":"2023-03-10T16:47:40","date_gmt":"2023-03-10T16:47:40","guid":{"rendered":"https:\/\/cpka.pt\/rallydelisboa\/?p=2634"},"modified":"2024-01-09T16:01:51","modified_gmt":"2024-01-09T16:01:51","slug":"disponivel-o-regulamento-do-international-iberian-rally-trophy","status":"publish","type":"post","link":"https:\/\/cpka.pt\/rallydelisboa\/2023\/03\/10\/disponivel-o-regulamento-do-international-iberian-rally-trophy\/","title":{"rendered":"Dispon\u00edvel o regulamento do International Iberian Rally Trophy"},"content":{"rendered":"\n<p>J\u00e1 est\u00e1 dispon\u00edvel para consulta o regulamento do International Iberian Rally Trophy, competi\u00e7\u00e3o que este ano faz parte do Rally de Lisboa 2023.<\/p>\n\n\n\n<p><strong>>>><a href=\"https:\/\/cpka.pt\/rallydelisboa\/wp-content\/uploads\/sites\/2\/2023\/03\/REGLAMENTO-DEL-TROFEO-IBERICO-V-5.pdf\" data-type=\"URL\" data-id=\"https:\/\/cpka.pt\/rallydelisboa\/wp-content\/uploads\/sites\/2\/2023\/03\/REGLAMENTO-DEL-TROFEO-IBERICO-V-5.pdf\" target=\"_blank\" rel=\"noreferrer noopener\"> DOWNLOAD .PDF<\/a><\/strong><\/p>\n\n\n<a href=\"https:\/\/cpka.pt\/rallydelisboa\/wp-content\/uploads\/sites\/2\/2023\/03\/REGLAMENTO-DEL-TROFEO-IBERICO-V-5.pdf\" class=\"pdfemb-viewer\" style=\"\" data-width=\"max\" data-height=\"max\" data-toolbar=\"bottom\" data-toolbar-fixed=\"off\">REGLAMENTO-DEL-TROFEO-IBERICO-V-5<\/a>\n<p class=\"wp-block-pdfemb-pdf-embedder-viewer\"><\/p>\n","protected":false},"excerpt":{"rendered":"<p>J\u00e1 est\u00e1 dispon\u00edvel para consulta o regulamento do International Iberian Rally Trophy, competi\u00e7\u00e3o que este ano faz parte do Rally de Lisboa 2023. >>> DOWNLOAD&hellip;<\/p>\n","protected":false},"author":1,"featured_media":2635,"comment_status":"closed","ping_status":"closed","sticky":false,"template":"","format":"standard","meta":{"advgb_blocks_editor_width":"","advgb_blocks_columns_visual_guide":"","ngg_post_thumbnail":0,"footnotes":""},"categories":[3],"tags":[247,248,244],"class_list":["post-2634","post","type-post","status-publish","format-standard","has-post-thumbnail","hentry","category-noticias","tag-247","tag-international-iberian-rally-trophy","tag-rally-de-lisboa-2023"],"gutentor_comment":0,"rise-blocks_total_comments":0,"rise-blocks_categories":[{"term_id":3,"name":"Not\u00edcias","slug":"noticias","term_group":0,"term_taxonomy_id":3,"taxonomy":"category","description":"","parent":0,"count":204,"filter":"raw","cat_ID":3,"category_count":204,"category_description":"","cat_name":"Not\u00edcias","category_nicename":"noticias","category_parent":0}],"rise-blocks_excerpt":"J\u00e1 est\u00e1 dispon\u00edvel para consulta o regulamento do International Iberian Rally Trophy, competi\u00e7\u00e3o que este ano faz parte do Rally de Lisboa 2023. &gt;&gt;&gt; DOWNLOAD .PDF","author_meta":{"display_name":"admin","author_link":"https:\/\/cpka.pt\/rallydelisboa\/author\/admin\/"},"featured_img":"https:\/\/cpka.pt\/rallydelisboa\/wp-content\/uploads\/sites\/2\/2023\/03\/International-ibrian-rally-trophy-logo-300x209.jpg","coauthors":[],"tax_additional":{"categories":{"linked":["<a href=\"https:\/\/cpka.pt\/rallydelisboa\/category\/noticias\/\" class=\"advgb-post-tax-term\">Not\u00edcias<\/a>"],"unlinked":["<span class=\"advgb-post-tax-term\">Not\u00edcias<\/span>"]},"tags":{"linked":["<a href=\"https:\/\/cpka.pt\/rallydelisboa\/category\/noticias\/\" class=\"advgb-post-tax-term\">2023<\/a>","<a href=\"https:\/\/cpka.pt\/rallydelisboa\/category\/noticias\/\" class=\"advgb-post-tax-term\">International Iberian Rally Trophy<\/a>","<a href=\"https:\/\/cpka.pt\/rallydelisboa\/category\/noticias\/\" class=\"advgb-post-tax-term\">RALLY DE LISBOA 2023<\/a>"],"unlinked":["<span class=\"advgb-post-tax-term\">2023<\/span>","<span class=\"advgb-post-tax-term\">International Iberian Rally Trophy<\/span>","<span class=\"advgb-post-tax-term\">RALLY DE LISBOA 2023<\/span>"]}},"comment_count":"0","relative_dates":{"created":"Posted 3 anos ago","modified":"Updated 2 anos ago"},"absolute_dates":{"created":"Posted on 10 de Mar\u00e7o, 2023","modified":"Updated on 9 de Janeiro, 2024"},"absolute_dates_time":{"created":"Posted on 10 de Mar\u00e7o, 2023 16:47","modified":"Updated on 9 de Janeiro, 2024 16:01"},"featured_img_caption":"","series_order":"","_links":{"self":[{"href":"https:\/\/cpka.pt\/rallydelisboa\/wp-json\/wp\/v2\/posts\/2634","targetHints":{"allow":["GET"]}}],"collection":[{"href":"https:\/\/cpka.pt\/rallydelisboa\/wp-json\/wp\/v2\/posts"}],"about":[{"href":"https:\/\/cpka.pt\/rallydelisboa\/wp-json\/wp\/v2\/types\/post"}],"author":[{"embeddable":true,"href":"https:\/\/cpka.pt\/rallydelisboa\/wp-json\/wp\/v2\/users\/1"}],"replies":[{"embeddable":true,"href":"https:\/\/cpka.pt\/rallydelisboa\/wp-json\/wp\/v2\/comments?post=2634"}],"version-history":[{"count":1,"href":"https:\/\/cpka.pt\/rallydelisboa\/wp-json\/wp\/v2\/posts\/2634\/revisions"}],"predecessor-version":[{"id":2636,"href":"https:\/\/cpka.pt\/rallydelisboa\/wp-json\/wp\/v2\/posts\/2634\/revisions\/2636"}],"wp:featuredmedia":[{"embeddable":true,"href":"https:\/\/cpka.pt\/rallydelisboa\/wp-json\/wp\/v2\/media\/2635"}],"wp:attachment":[{"href":"https:\/\/cpka.pt\/rallydelisboa\/wp-json\/wp\/v2\/media?parent=2634"}],"wp:term":[{"taxonomy":"category","embeddable":true,"href":"https:\/\/cpka.pt\/rallydelisboa\/wp-json\/wp\/v2\/categories?post=2634"},{"taxonomy":"post_tag","embeddable":true,"href":"https:\/\/cpka.pt\/rallydelisboa\/wp-json\/wp\/v2\/tags?post=2634"}],"curies":[{"name":"wp","href":"https:\/\/api.w.org\/{rel}","templated":true}]}}