{"id":2897,"date":"2023-06-16T20:36:00","date_gmt":"2023-06-16T20:36:00","guid":{"rendered":"https:\/\/cpka.pt\/rallydelisboa\/?p=2897"},"modified":"2024-01-09T16:00:11","modified_gmt":"2024-01-09T16:00:11","slug":"rally-de-lisboa-amanha-na-estrada","status":"publish","type":"post","link":"https:\/\/cpka.pt\/rallydelisboa\/2023\/06\/16\/rally-de-lisboa-amanha-na-estrada\/","title":{"rendered":"Rally de Lisboa amanh\u00e3 na estrada"},"content":{"rendered":"\n<figure class=\"wp-block-image alignwide size-large\"><img loading=\"lazy\" decoding=\"async\" width=\"1024\" height=\"681\" src=\"https:\/\/cpka.pt\/rallydelisboa\/wp-content\/uploads\/sites\/2\/2023\/06\/JP-Fontes-Rally-Lisboa-1024x681.jpg\" alt=\"\" class=\"wp-image-2898\" srcset=\"https:\/\/cpka.pt\/rallydelisboa\/wp-content\/uploads\/sites\/2\/2023\/06\/JP-Fontes-Rally-Lisboa-1024x681.jpg 1024w, https:\/\/cpka.pt\/rallydelisboa\/wp-content\/uploads\/sites\/2\/2023\/06\/JP-Fontes-Rally-Lisboa-300x200.jpg 300w, https:\/\/cpka.pt\/rallydelisboa\/wp-content\/uploads\/sites\/2\/2023\/06\/JP-Fontes-Rally-Lisboa-768x511.jpg 768w, https:\/\/cpka.pt\/rallydelisboa\/wp-content\/uploads\/sites\/2\/2023\/06\/JP-Fontes-Rally-Lisboa-1536x1022.jpg 1536w, https:\/\/cpka.pt\/rallydelisboa\/wp-content\/uploads\/sites\/2\/2023\/06\/JP-Fontes-Rally-Lisboa-2048x1363.jpg 2048w\" sizes=\"auto, (max-width: 1024px) 100vw, 1024px\" \/><\/figure>\n\n\n\n<p>Tem in\u00edcio amanh\u00e3, 17 de junho, a terceira edi\u00e7\u00e3o do Rally de Lisboa, prova organizada pelo CPKA \u2013 Clube de Promo\u00e7\u00e3o de Karting e Automobilismo que \u00e9 a Ta\u00e7a de Portugal de Ralis de 2023. O evento, cuja segunda etapa \u00e9 disputada no domingo, 18 de junho, prev\u00ea a disputa de 10 classificativas.<\/p>\n\n\n\n<p>A primeira etapa inclui dupla ronda por Vila Franca de Xira, Alenquer e Vinhos de Lisboa e ainda uma passagem por Montejunto. J\u00e1 o dia complementar \u00e9 definido pela evolu\u00e7\u00e3o por Loures, Transgrua e ESC Online. Pelo meio, a caravana passar\u00e1 pelo parque de assist\u00eancia que, tal como o centro operacional, est\u00e1 localizado na Doca de Pedrou\u00e7os, espa\u00e7o que tamb\u00e9m disponibiliza uma Fun Zone e espa\u00e7o de exposi\u00e7\u00e3o alusiva a esta modalidade.<\/p>\n\n\n\n<p>Desportivamente, ser\u00e3o 62 os concorrentes \u00e0 partida desta prova em que estar\u00e3o presentes nomes como os de campe\u00f5es nacionais, Armindo Ara\u00fajo, Ricardo Teod\u00f3sio ou Jos\u00e9 Pedro Fontes, do antigo campe\u00e3o mundial Rui Madeira e de dois campe\u00f5es a\u00e7orianos, Luis Miguel Rego e R\u00faben Rodrigues, ao volante de competitivas viaturas Rally2. Em evid\u00eancia estar\u00e3o igualmente, em viatura id\u00eantica, Miguel Correia e Paulo Neto.<\/p>\n\n\n\n<p>O Rlly de Lisboa inclui muitos outros polos de interesse como a disputa da Ta\u00e7a de Portugal de Ralis, uma prova aberta a equipas que disputa provas a v\u00e1rios n\u00edveis, uma das etapas do novo International Iberian Rally Trophy, o Toyota Gazoo Racing Iberian Cup. E tr\u00eas dos desafios Khumo. A consagra\u00e7\u00e3o dos vencedores ter\u00e1 lugar no domingo, 18 de junho, pelas 13:39, no Padr\u00e3o dos Descobrimentos.<\/p>\n","protected":false},"excerpt":{"rendered":"<p>Tem in\u00edcio amanh\u00e3, 17 de junho, a terceira edi\u00e7\u00e3o do Rally de Lisboa, prova organizada pelo CPKA \u2013 Clube de Promo\u00e7\u00e3o de Karting e Automobilismo&hellip;<\/p>\n","protected":false},"author":1,"featured_media":2898,"comment_status":"closed","ping_status":"closed","sticky":false,"template":"","format":"standard","meta":{"advgb_blocks_editor_width":"","advgb_blocks_columns_visual_guide":"","ngg_post_thumbnail":0,"footnotes":""},"categories":[3],"tags":[247,244],"class_list":["post-2897","post","type-post","status-publish","format-standard","has-post-thumbnail","hentry","category-noticias","tag-247","tag-rally-de-lisboa-2023"],"gutentor_comment":0,"rise-blocks_total_comments":0,"rise-blocks_categories":[{"term_id":3,"name":"Not\u00edcias","slug":"noticias","term_group":0,"term_taxonomy_id":3,"taxonomy":"category","description":"","parent":0,"count":204,"filter":"raw","cat_ID":3,"category_count":204,"category_description":"","cat_name":"Not\u00edcias","category_nicename":"noticias","category_parent":0}],"rise-blocks_excerpt":"Tem in\u00edcio amanh\u00e3, 17 de junho, a terceira edi\u00e7\u00e3o do Rally de Lisboa, prova organizada pelo CPKA \u2013 Clube de Promo\u00e7\u00e3o de Karting e Automobilismo que \u00e9 a Ta\u00e7a de Portugal de Ralis de 2023. O evento, cuja segunda etapa \u00e9 disputada no domingo, 18 de junho, prev\u00ea a disputa de 10 classificativas. A primeira etapa inclui dupla ronda por..","author_meta":{"display_name":"admin","author_link":"https:\/\/cpka.pt\/rallydelisboa\/author\/admin\/"},"featured_img":"https:\/\/cpka.pt\/rallydelisboa\/wp-content\/uploads\/sites\/2\/2023\/06\/JP-Fontes-Rally-Lisboa-300x200.jpg","coauthors":[],"tax_additional":{"categories":{"linked":["<a href=\"https:\/\/cpka.pt\/rallydelisboa\/category\/noticias\/\" class=\"advgb-post-tax-term\">Not\u00edcias<\/a>"],"unlinked":["<span class=\"advgb-post-tax-term\">Not\u00edcias<\/span>"]},"tags":{"linked":["<a href=\"https:\/\/cpka.pt\/rallydelisboa\/category\/noticias\/\" class=\"advgb-post-tax-term\">2023<\/a>","<a href=\"https:\/\/cpka.pt\/rallydelisboa\/category\/noticias\/\" class=\"advgb-post-tax-term\">RALLY DE LISBOA 2023<\/a>"],"unlinked":["<span class=\"advgb-post-tax-term\">2023<\/span>","<span class=\"advgb-post-tax-term\">RALLY DE LISBOA 2023<\/span>"]}},"comment_count":"0","relative_dates":{"created":"Posted 3 anos ago","modified":"Updated 2 anos ago"},"absolute_dates":{"created":"Posted on 16 de Junho, 2023","modified":"Updated on 9 de Janeiro, 2024"},"absolute_dates_time":{"created":"Posted on 16 de Junho, 2023 20:36","modified":"Updated on 9 de Janeiro, 2024 16:00"},"featured_img_caption":"","series_order":"","_links":{"self":[{"href":"https:\/\/cpka.pt\/rallydelisboa\/wp-json\/wp\/v2\/posts\/2897","targetHints":{"allow":["GET"]}}],"collection":[{"href":"https:\/\/cpka.pt\/rallydelisboa\/wp-json\/wp\/v2\/posts"}],"about":[{"href":"https:\/\/cpka.pt\/rallydelisboa\/wp-json\/wp\/v2\/types\/post"}],"author":[{"embeddable":true,"href":"https:\/\/cpka.pt\/rallydelisboa\/wp-json\/wp\/v2\/users\/1"}],"replies":[{"embeddable":true,"href":"https:\/\/cpka.pt\/rallydelisboa\/wp-json\/wp\/v2\/comments?post=2897"}],"version-history":[{"count":1,"href":"https:\/\/cpka.pt\/rallydelisboa\/wp-json\/wp\/v2\/posts\/2897\/revisions"}],"predecessor-version":[{"id":2899,"href":"https:\/\/cpka.pt\/rallydelisboa\/wp-json\/wp\/v2\/posts\/2897\/revisions\/2899"}],"wp:featuredmedia":[{"embeddable":true,"href":"https:\/\/cpka.pt\/rallydelisboa\/wp-json\/wp\/v2\/media\/2898"}],"wp:attachment":[{"href":"https:\/\/cpka.pt\/rallydelisboa\/wp-json\/wp\/v2\/media?parent=2897"}],"wp:term":[{"taxonomy":"category","embeddable":true,"href":"https:\/\/cpka.pt\/rallydelisboa\/wp-json\/wp\/v2\/categories?post=2897"},{"taxonomy":"post_tag","embeddable":true,"href":"https:\/\/cpka.pt\/rallydelisboa\/wp-json\/wp\/v2\/tags?post=2897"}],"curies":[{"name":"wp","href":"https:\/\/api.w.org\/{rel}","templated":true}]}}