{"id":2900,"date":"2023-06-17T11:50:11","date_gmt":"2023-06-17T11:50:11","guid":{"rendered":"https:\/\/cpka.pt\/rallydelisboa\/?p=2900"},"modified":"2023-06-17T11:53:32","modified_gmt":"2023-06-17T11:53:32","slug":"armindo-araujo-lidera-rally-de-lisboa","status":"publish","type":"post","link":"https:\/\/cpka.pt\/rallydelisboa\/2023\/06\/17\/armindo-araujo-lidera-rally-de-lisboa\/","title":{"rendered":"Armindo Ara\u00fajo lidera Rally de Lisboa"},"content":{"rendered":"\n<figure class=\"wp-block-image alignwide size-large\"><img loading=\"lazy\" decoding=\"async\" width=\"1024\" height=\"683\" src=\"https:\/\/cpka.pt\/rallydelisboa\/wp-content\/uploads\/sites\/2\/2023\/06\/Armindo-Araujo-Rally-Lisba-1024x683.jpg\" alt=\"\" class=\"wp-image-2901\" srcset=\"https:\/\/cpka.pt\/rallydelisboa\/wp-content\/uploads\/sites\/2\/2023\/06\/Armindo-Araujo-Rally-Lisba-1024x683.jpg 1024w, https:\/\/cpka.pt\/rallydelisboa\/wp-content\/uploads\/sites\/2\/2023\/06\/Armindo-Araujo-Rally-Lisba-300x200.jpg 300w, https:\/\/cpka.pt\/rallydelisboa\/wp-content\/uploads\/sites\/2\/2023\/06\/Armindo-Araujo-Rally-Lisba-768x512.jpg 768w, https:\/\/cpka.pt\/rallydelisboa\/wp-content\/uploads\/sites\/2\/2023\/06\/Armindo-Araujo-Rally-Lisba-1536x1025.jpg 1536w, https:\/\/cpka.pt\/rallydelisboa\/wp-content\/uploads\/sites\/2\/2023\/06\/Armindo-Araujo-Rally-Lisba-1200x800.jpg 1200w, https:\/\/cpka.pt\/rallydelisboa\/wp-content\/uploads\/sites\/2\/2023\/06\/Armindo-Araujo-Rally-Lisba.jpg 2048w\" sizes=\"auto, (max-width: 1024px) 100vw, 1024px\" \/><\/figure>\n\n\n\n<p>Armindo Ara\u00fajo, ao volante de um Skoda Fabia RS Rally2, est\u00e1 na frente da classifica\u00e7\u00e3o do Rally de Lisboa depois de cumprida a primeira sec\u00e7\u00e3o do evento que \u00e9 em 2023 a Ta\u00e7a de Portugal de Ralis. O piloto que foi o melhor nos tr\u00eas tro\u00e7os cronometrados disputados na manh\u00e3 de s\u00e1bado, 17 de junho, disp\u00f5e de uma vantagem de 6,2 segundos sobre Jos\u00e9 Pedro Fontes, segundo com um Citro\u00ebn C3 Rally2.<\/p>\n\n\n\n<p>No lugar mais baixo do p\u00f3dio moment\u00e2neo, a 20,8 segundos do l\u00edder, est\u00e1 Rui Madeira que se apresentou nesta organiza\u00e7\u00e3o do CPKA \u2013 Clube de Promo\u00e7\u00e3o de Karting e Automobilismo com um Citro\u00ebn C3 Rally2. Na posi\u00e7\u00e3o imediata encontra-se Ricardo Teod\u00f3sio aos comandos do habitual Hyundai i20N Rally2. No quinto posto, R\u00faben Rodrigues \u00e9, com um Skoda Fabia Rally2 Evo, o melhor dos pilotos a\u00e7orianos que arrancaram para a prova pois Luis Miguel Rego, ao volante de uma viatura id\u00eantica, desistiu ap\u00f3s a classificativa inaugural, em Vila Franca de Xira.<\/p>\n\n\n\n<p>S\u00e9timo e oitavo classificados absolutos, os espanh\u00f3is Daniel Berdomas e Sergi Francoli s\u00e3o os melhores da Toyota Gazoo Racing Iberian Cup. A segunda sec\u00e7\u00e3o do Rally de Lisboa, a ser cumprida esta tarde, prev\u00ea a segunda ronda por Vila Franca de Xira, Alenquer e Vinhos de Lisboa e ainda a passagem por Montejunto.<\/p>\n","protected":false},"excerpt":{"rendered":"<p>Armindo Ara\u00fajo, ao volante de um Skoda Fabia RS Rally2, est\u00e1 na frente da classifica\u00e7\u00e3o do Rally de Lisboa depois de cumprida a primeira sec\u00e7\u00e3o&hellip;<\/p>\n","protected":false},"author":1,"featured_media":2901,"comment_status":"closed","ping_status":"closed","sticky":false,"template":"","format":"standard","meta":{"advgb_blocks_editor_width":"","advgb_blocks_columns_visual_guide":"","ngg_post_thumbnail":0,"footnotes":""},"categories":[3],"tags":[247,244],"class_list":["post-2900","post","type-post","status-publish","format-standard","has-post-thumbnail","hentry","category-noticias","tag-247","tag-rally-de-lisboa-2023"],"gutentor_comment":0,"rise-blocks_total_comments":0,"rise-blocks_categories":[{"term_id":3,"name":"Not\u00edcias","slug":"noticias","term_group":0,"term_taxonomy_id":3,"taxonomy":"category","description":"","parent":0,"count":204,"filter":"raw","cat_ID":3,"category_count":204,"category_description":"","cat_name":"Not\u00edcias","category_nicename":"noticias","category_parent":0}],"rise-blocks_excerpt":"Armindo Ara\u00fajo, ao volante de um Skoda Fabia RS Rally2, est\u00e1 na frente da classifica\u00e7\u00e3o do Rally de Lisboa depois de cumprida a primeira sec\u00e7\u00e3o do evento que \u00e9 em 2023 a Ta\u00e7a de Portugal de Ralis. O piloto que foi o melhor nos tr\u00eas tro\u00e7os cronometrados disputados na manh\u00e3 de s\u00e1bado, 17 de junho, disp\u00f5e de uma vantagem de..","author_meta":{"display_name":"admin","author_link":"https:\/\/cpka.pt\/rallydelisboa\/author\/admin\/"},"featured_img":"https:\/\/cpka.pt\/rallydelisboa\/wp-content\/uploads\/sites\/2\/2023\/06\/Armindo-Araujo-Rally-Lisba-300x200.jpg","coauthors":[],"tax_additional":{"categories":{"linked":["<a href=\"https:\/\/cpka.pt\/rallydelisboa\/category\/noticias\/\" class=\"advgb-post-tax-term\">Not\u00edcias<\/a>"],"unlinked":["<span class=\"advgb-post-tax-term\">Not\u00edcias<\/span>"]},"tags":{"linked":["<a href=\"https:\/\/cpka.pt\/rallydelisboa\/category\/noticias\/\" class=\"advgb-post-tax-term\">2023<\/a>","<a href=\"https:\/\/cpka.pt\/rallydelisboa\/category\/noticias\/\" class=\"advgb-post-tax-term\">RALLY DE LISBOA 2023<\/a>"],"unlinked":["<span class=\"advgb-post-tax-term\">2023<\/span>","<span class=\"advgb-post-tax-term\">RALLY DE LISBOA 2023<\/span>"]}},"comment_count":"0","relative_dates":{"created":"Posted 3 anos ago","modified":"Updated 3 anos ago"},"absolute_dates":{"created":"Posted on 17 de Junho, 2023","modified":"Updated on 17 de Junho, 2023"},"absolute_dates_time":{"created":"Posted on 17 de Junho, 2023 11:50","modified":"Updated on 17 de Junho, 2023 11:53"},"featured_img_caption":"","series_order":"","_links":{"self":[{"href":"https:\/\/cpka.pt\/rallydelisboa\/wp-json\/wp\/v2\/posts\/2900","targetHints":{"allow":["GET"]}}],"collection":[{"href":"https:\/\/cpka.pt\/rallydelisboa\/wp-json\/wp\/v2\/posts"}],"about":[{"href":"https:\/\/cpka.pt\/rallydelisboa\/wp-json\/wp\/v2\/types\/post"}],"author":[{"embeddable":true,"href":"https:\/\/cpka.pt\/rallydelisboa\/wp-json\/wp\/v2\/users\/1"}],"replies":[{"embeddable":true,"href":"https:\/\/cpka.pt\/rallydelisboa\/wp-json\/wp\/v2\/comments?post=2900"}],"version-history":[{"count":1,"href":"https:\/\/cpka.pt\/rallydelisboa\/wp-json\/wp\/v2\/posts\/2900\/revisions"}],"predecessor-version":[{"id":2902,"href":"https:\/\/cpka.pt\/rallydelisboa\/wp-json\/wp\/v2\/posts\/2900\/revisions\/2902"}],"wp:featuredmedia":[{"embeddable":true,"href":"https:\/\/cpka.pt\/rallydelisboa\/wp-json\/wp\/v2\/media\/2901"}],"wp:attachment":[{"href":"https:\/\/cpka.pt\/rallydelisboa\/wp-json\/wp\/v2\/media?parent=2900"}],"wp:term":[{"taxonomy":"category","embeddable":true,"href":"https:\/\/cpka.pt\/rallydelisboa\/wp-json\/wp\/v2\/categories?post=2900"},{"taxonomy":"post_tag","embeddable":true,"href":"https:\/\/cpka.pt\/rallydelisboa\/wp-json\/wp\/v2\/tags?post=2900"}],"curies":[{"name":"wp","href":"https:\/\/api.w.org\/{rel}","templated":true}]}}