{"id":3299,"date":"2024-06-07T17:06:14","date_gmt":"2024-06-07T17:06:14","guid":{"rendered":"https:\/\/cpka.pt\/rallydelisboa\/?p=3299"},"modified":"2024-06-07T18:10:33","modified_gmt":"2024-06-07T18:10:33","slug":"sentida-homenagem-ao-eterno-joaquim-santos","status":"publish","type":"post","link":"https:\/\/cpka.pt\/rallydelisboa\/2024\/06\/07\/sentida-homenagem-ao-eterno-joaquim-santos\/","title":{"rendered":"Sentida homenagem ao eterno Quim Santos"},"content":{"rendered":"\n<figure class=\"wp-block-image alignwide size-large\"><img loading=\"lazy\" decoding=\"async\" width=\"1024\" height=\"681\" src=\"https:\/\/cpka.pt\/rallydelisboa\/wp-content\/uploads\/sites\/2\/2024\/06\/Homenagem_Quim-Santos_RL_2024-1024x681.jpg\" alt=\"\" class=\"wp-image-3300\" srcset=\"https:\/\/cpka.pt\/rallydelisboa\/wp-content\/uploads\/sites\/2\/2024\/06\/Homenagem_Quim-Santos_RL_2024-1024x681.jpg 1024w, https:\/\/cpka.pt\/rallydelisboa\/wp-content\/uploads\/sites\/2\/2024\/06\/Homenagem_Quim-Santos_RL_2024-300x200.jpg 300w, https:\/\/cpka.pt\/rallydelisboa\/wp-content\/uploads\/sites\/2\/2024\/06\/Homenagem_Quim-Santos_RL_2024-768x511.jpg 768w, https:\/\/cpka.pt\/rallydelisboa\/wp-content\/uploads\/sites\/2\/2024\/06\/Homenagem_Quim-Santos_RL_2024-1536x1022.jpg 1536w, https:\/\/cpka.pt\/rallydelisboa\/wp-content\/uploads\/sites\/2\/2024\/06\/Homenagem_Quim-Santos_RL_2024-2048x1363.jpg 2048w\" sizes=\"auto, (max-width: 1024px) 100vw, 1024px\" \/><\/figure>\n\n\n\n<p>Antes da partida simb\u00f3lica deste Rally de Lisboa | Memorial Joaquim Santos, junto ao Padr\u00e3o dos Descobrimentos, e depois do m\u00fasico Lu\u00eds Represas ter cantado \u201cA Portuguesa\u201d, foi prestada uma sentida homenagem a Joaquim Santos. O presidente da Federa\u00e7\u00e3o Portuguesa de Automobilismo e Karting (FPAK), Ni Amorim, leu um texto, da autoria do jornalista Ant\u00f3nio Catarino, evocativo da carreira de Quim Santos, falecido em mar\u00e7o \u00faltimo. <strong><em>\u201cO estilo de condu\u00e7\u00e3o, sempre espetacular e empolgante; o sentido de vit\u00f3ria; a determina\u00e7\u00e3o em todos os momentos, as vit\u00f3rias e os t\u00edtulos fizeram de Quim Santos um \u00eddolo, que permanece na nossa mem\u00f3ria coletiva. A humildade foi outra das qualidades que definiram um piloto de elei\u00e7\u00e3o, recordista de triunfos \u2013 47 \u2013 em ralis do Campeonato Nacional. Um n\u00famero ainda hoje por superar\u201d<\/em><\/strong>, ouviu-se.Ao filho de Quim Santos, tamb\u00e9m de seu nome Joaquim, foi entregue um trof\u00e9u que assinala esta homenagem p\u00f3stuma do Rally de Lisboa e da FPAK.<\/p>\n\n\n\n<p><em>Foto: Go Agency\/Rally de Lisboa | Memorial Joaquim Santos<\/em><\/p>\n\n\n\n<p><\/p>\n","protected":false},"excerpt":{"rendered":"<p>Antes da partida simb\u00f3lica deste Rally de Lisboa | Memorial Joaquim Santos, junto ao Padr\u00e3o dos Descobrimentos, e depois do m\u00fasico Lu\u00eds Represas ter cantado&hellip;<\/p>\n","protected":false},"author":1,"featured_media":3300,"comment_status":"closed","ping_status":"closed","sticky":false,"template":"","format":"standard","meta":{"advgb_blocks_editor_width":"","advgb_blocks_columns_visual_guide":"","ngg_post_thumbnail":0,"footnotes":""},"categories":[3],"tags":[254,15,253],"class_list":["post-3299","post","type-post","status-publish","format-standard","has-post-thumbnail","hentry","category-noticias","tag-254","tag-rally-de-lisboa","tag-rally-de-lisboa-2024"],"gutentor_comment":0,"rise-blocks_total_comments":0,"rise-blocks_categories":[{"term_id":3,"name":"Not\u00edcias","slug":"noticias","term_group":0,"term_taxonomy_id":3,"taxonomy":"category","description":"","parent":0,"count":204,"filter":"raw","cat_ID":3,"category_count":204,"category_description":"","cat_name":"Not\u00edcias","category_nicename":"noticias","category_parent":0}],"rise-blocks_excerpt":"Antes da partida simb\u00f3lica deste Rally de Lisboa | Memorial Joaquim Santos, junto ao Padr\u00e3o dos Descobrimentos, e depois do m\u00fasico Lu\u00eds Represas ter cantado \u201cA Portuguesa\u201d, foi prestada uma sentida homenagem a Joaquim Santos. O presidente da Federa\u00e7\u00e3o Portuguesa de Automobilismo e Karting (FPAK), Ni Amorim, leu um texto, da autoria do jornalista Ant\u00f3nio Catarino, evocativo da carreira de..","author_meta":{"display_name":"admin","author_link":"https:\/\/cpka.pt\/rallydelisboa\/author\/admin\/"},"featured_img":"https:\/\/cpka.pt\/rallydelisboa\/wp-content\/uploads\/sites\/2\/2024\/06\/Homenagem_Quim-Santos_RL_2024-300x200.jpg","coauthors":[],"tax_additional":{"categories":{"linked":["<a href=\"https:\/\/cpka.pt\/rallydelisboa\/category\/noticias\/\" class=\"advgb-post-tax-term\">Not\u00edcias<\/a>"],"unlinked":["<span class=\"advgb-post-tax-term\">Not\u00edcias<\/span>"]},"tags":{"linked":["<a href=\"https:\/\/cpka.pt\/rallydelisboa\/category\/noticias\/\" class=\"advgb-post-tax-term\">2024<\/a>","<a href=\"https:\/\/cpka.pt\/rallydelisboa\/category\/noticias\/\" class=\"advgb-post-tax-term\">rally de lisboa<\/a>","<a href=\"https:\/\/cpka.pt\/rallydelisboa\/category\/noticias\/\" class=\"advgb-post-tax-term\">Rally de Lisboa 2024<\/a>"],"unlinked":["<span class=\"advgb-post-tax-term\">2024<\/span>","<span class=\"advgb-post-tax-term\">rally de lisboa<\/span>","<span class=\"advgb-post-tax-term\">Rally de Lisboa 2024<\/span>"]}},"comment_count":"0","relative_dates":{"created":"Posted 2 anos ago","modified":"Updated 2 anos ago"},"absolute_dates":{"created":"Posted on 7 de Junho, 2024","modified":"Updated on 7 de Junho, 2024"},"absolute_dates_time":{"created":"Posted on 7 de Junho, 2024 17:06","modified":"Updated on 7 de Junho, 2024 18:10"},"featured_img_caption":"","series_order":"","_links":{"self":[{"href":"https:\/\/cpka.pt\/rallydelisboa\/wp-json\/wp\/v2\/posts\/3299","targetHints":{"allow":["GET"]}}],"collection":[{"href":"https:\/\/cpka.pt\/rallydelisboa\/wp-json\/wp\/v2\/posts"}],"about":[{"href":"https:\/\/cpka.pt\/rallydelisboa\/wp-json\/wp\/v2\/types\/post"}],"author":[{"embeddable":true,"href":"https:\/\/cpka.pt\/rallydelisboa\/wp-json\/wp\/v2\/users\/1"}],"replies":[{"embeddable":true,"href":"https:\/\/cpka.pt\/rallydelisboa\/wp-json\/wp\/v2\/comments?post=3299"}],"version-history":[{"count":2,"href":"https:\/\/cpka.pt\/rallydelisboa\/wp-json\/wp\/v2\/posts\/3299\/revisions"}],"predecessor-version":[{"id":3305,"href":"https:\/\/cpka.pt\/rallydelisboa\/wp-json\/wp\/v2\/posts\/3299\/revisions\/3305"}],"wp:featuredmedia":[{"embeddable":true,"href":"https:\/\/cpka.pt\/rallydelisboa\/wp-json\/wp\/v2\/media\/3300"}],"wp:attachment":[{"href":"https:\/\/cpka.pt\/rallydelisboa\/wp-json\/wp\/v2\/media?parent=3299"}],"wp:term":[{"taxonomy":"category","embeddable":true,"href":"https:\/\/cpka.pt\/rallydelisboa\/wp-json\/wp\/v2\/categories?post=3299"},{"taxonomy":"post_tag","embeddable":true,"href":"https:\/\/cpka.pt\/rallydelisboa\/wp-json\/wp\/v2\/tags?post=3299"}],"curies":[{"name":"wp","href":"https:\/\/api.w.org\/{rel}","templated":true}]}}